{"id":1750,"date":"2012-01-04T23:05:48","date_gmt":"2012-01-05T05:05:48","guid":{"rendered":"http:\/\/www.plurinominal.com.mx\/?p=1750"},"modified":"2012-02-16T23:06:07","modified_gmt":"2012-02-17T05:06:07","slug":"comienzan-a-anunciar-en-tortillerias-que-aumentara-el-precio-del-producto","status":"publish","type":"post","link":"https:\/\/www.plurinominal.com.mx\/?p=1750","title":{"rendered":"Comienzan a anunciar en tortiller\u00edas que aumentar\u00e1 el precio del producto"},"content":{"rendered":"<p>Marco Serna<br \/>\nHan comenzado a verse anuncios en tortiller\u00edas de que ser\u00e1 v\u00e1lido a partir del viernes 6 de enero un aumento a la tortilla de dos pesos por kilo.<br \/>\nPlurinominal conoci\u00f3 que no se han dado a conocer detalles en la regi\u00f3n que mencionen el por qu\u00e9 de la nueva tarifa. En un medio de circulaci\u00f3n regional, desde el martes en la tarde en una nueva edici\u00f3n manejaban que por el aumento de la tonelada de harina, pero lo real es que no se sabe exactamente a cu\u00e1nto subi\u00f3.<br \/>\nDesde hace varios a\u00f1os en las tortiller\u00edas se hab\u00eda esperado poder aplicar aumentos a los precios de la tortilla, pero era dif\u00edcil.<br \/>\nAhora por la situaci\u00f3n que vive el pa\u00eds, sobran excusas.<br \/>\nEn el a\u00f1o 2011 se pudo aumentar de ONCE PESOS a DOCE PESOS, pero el nuevo precio ser\u00e1 de CATORCE PESOS, aunque no se descartan m\u00e1s aumentos.<br \/>\nIndustriales de la Masa y la Tortilla, explican que lo anterior se debe a los \u00faltimos incrementos que se han dado en el costo del ma\u00edz que pas\u00f3 de los 3 mil pesos por tonelada a m\u00e1s de 4 mil ochocientos pesos y que podr\u00eda alcanzar en pr\u00f3ximos d\u00edas hasta los 7 mil 600 pesos.<br \/>\nDe acuerdo a las cifras la tortilla ha incrementado su precio entre 1 peso y 1.50, alcanzando un costo de hasta 14.50 o 15 pesos por kilo en algunos estados de M\u00e9xico.<br \/>\nLo anterior ha provocado una disminuci\u00f3n de este importante alimento hasta en un 33.52 porciento, lo que adem\u00e1s ha disminuido las entradas econ\u00f3micas de los productores de tortilla nixtamalizada.<br \/>\nIndican las agencias noticiosas que se ha tratado de mantener el costo estable de la tortilla, pero en las pr\u00f3ximas semanas ser\u00e1 imposible, debido al aumento constante en el ma\u00edz, provocado principalmente  por la p\u00e9rdida de las cosechas de este importante grano.<br \/>\nAsimismo informaron algunos medios, que el incremento tambi\u00e9n se debe al decreto aprobado en el congreso de la uni\u00f3n por la modificaci\u00f3n de la fracci\u00f3n 7 al art\u00edculo 115 de la ley general de salud, a fin de enriquecer y fortalecer los micronutrientes de la masa y el ma\u00edz nixtamalizado.<br \/>\nEn marzo de 2011, un estudio llevado a cabo por Felipe Torres Torres, acad\u00e9mico del Instituto de Investigaciones Econ\u00f3micas de la Universidad Nacional Aut\u00f3noma de M\u00e9xico (UNAM), revel\u00f3 que en la \u00faltima d\u00e9cada, el precio de la tortilla se increment\u00f3 m\u00e1s de 400 por ciento, mientras que el ingreso familiar, respecto al salario m\u00ednimo, disminuy\u00f3 en un 30 por ciento.<br \/>\nA casi un a\u00f1o, se dijo que el aumento de la tortilla durante el sexenio del Presidente Felipe Calder\u00f3n hab\u00eda sido de seis pesos.<\/p>\n","protected":false},"excerpt":{"rendered":"<p>Marco Serna Han comenzado a verse anuncios en tortiller\u00edas de que ser\u00e1 v\u00e1lido a partir del viernes 6 de enero un aumento a la tortilla de dos pesos por kilo.&#8230;<\/p>\n","protected":false},"author":1,"featured_media":0,"comment_status":"closed","ping_status":"open","sticky":false,"template":"","format":"standard","meta":{"footnotes":""},"categories":[3],"tags":[],"class_list":["post-1750","post","type-post","status-publish","format-standard","hentry","category-cerritos","entry","simple"],"_links":{"self":[{"href":"https:\/\/www.plurinominal.com.mx\/index.php?rest_route=\/wp\/v2\/posts\/1750","targetHints":{"allow":["GET"]}}],"collection":[{"href":"https:\/\/www.plurinominal.com.mx\/index.php?rest_route=\/wp\/v2\/posts"}],"about":[{"href":"https:\/\/www.plurinominal.com.mx\/index.php?rest_route=\/wp\/v2\/types\/post"}],"author":[{"embeddable":true,"href":"https:\/\/www.plurinominal.com.mx\/index.php?rest_route=\/wp\/v2\/users\/1"}],"replies":[{"embeddable":true,"href":"https:\/\/www.plurinominal.com.mx\/index.php?rest_route=%2Fwp%2Fv2%2Fcomments&post=1750"}],"version-history":[{"count":0,"href":"https:\/\/www.plurinominal.com.mx\/index.php?rest_route=\/wp\/v2\/posts\/1750\/revisions"}],"wp:attachment":[{"href":"https:\/\/www.plurinominal.com.mx\/index.php?rest_route=%2Fwp%2Fv2%2Fmedia&parent=1750"}],"wp:term":[{"taxonomy":"category","embeddable":true,"href":"https:\/\/www.plurinominal.com.mx\/index.php?rest_route=%2Fwp%2Fv2%2Fcategories&post=1750"},{"taxonomy":"post_tag","embeddable":true,"href":"https:\/\/www.plurinominal.com.mx\/index.php?rest_route=%2Fwp%2Fv2%2Ftags&post=1750"}],"curies":[{"name":"wp","href":"https:\/\/api.w.org\/{rel}","templated":true}]}}