{"id":17515,"date":"2023-04-25T17:30:21","date_gmt":"2023-04-25T22:30:21","guid":{"rendered":"https:\/\/www.plurinominal.com.mx\/?p=17515"},"modified":"2023-05-29T17:32:38","modified_gmt":"2023-05-29T22:32:38","slug":"molestia-vecinal-por-perros-sueltos-en-fraccionamiento","status":"publish","type":"post","link":"https:\/\/www.plurinominal.com.mx\/?p=17515","title":{"rendered":"Molestia vecinal por perros sueltos en fraccionamiento"},"content":{"rendered":"<ul>\n<li class=\"western\" style=\"text-align: justify;\">Residentes expresan queja mediante denuncia<\/li>\n<\/ul>\n<p class=\"western\" style=\"text-align: justify;\"><span style=\"font-size: 10pt; font-family: 'trebuchet ms', geneva, sans-serif;\"><strong>JOS\u00c9 \u00c1NGEL MTZ.-<\/strong> <\/span>Vecinos del fraccionamiento Jardines de la Unidad se encuentran molestos por la presencia de perros que un empleado municipal de primer nivel deja fuera de su casa, generando ruido y tirando basura. A pesar de que ya existen perros callejeros y mascotas de otros habitantes del fraccionamiento, la situaci\u00f3n se ha agravado con la presencia de estos animales que causan incomodidades a los residentes.<\/p>\n<p class=\"western\" style=\"text-align: justify;\"><em>NOTA: SI USTED ES DE LOS QUE EXIGE INFORMACI\u00d3N ACTUALIZADA, CIERRE ESTA VENTANA Y CONSULTE LA EDICI\u00d3N IMPRESA M\u00c1S RECIENTE.<\/em><\/p>\n<p class=\"western\" style=\"text-align: justify;\">Los vecinos piden que se tomen medidas para solucionar el problema, y sugieren que el empleado municipal se haga responsable de sus mascotas y las lleve a su propia casa en lugar de dejarlas en el fraccionamiento. Tambi\u00e9n se recuerda que tener un perro implica compromiso y responsabilidad, no solo amor.<\/p>\n<p class=\"western\" style=\"text-align: justify;\">Es importante tener en cuenta que la convivencia con mascotas debe ser respetuosa hacia los dem\u00e1s vecinos y el medio ambiente, por lo que se recomienda a los due\u00f1os de perros que los cuiden adecuadamente y tomen medidas para evitar molestias.<\/p>\n","protected":false},"excerpt":{"rendered":"<p>Vecinos del fraccionamiento Jardines de la Unidad se encuentran molestos por la presencia de perros que un empleado municipal de primer nivel deja fuera de su casa, generando ruido y tirando basura. A pesar de que ya existen perros callejeros y mascotas de otros habitantes del fraccionamiento, la situaci\u00f3n se ha agravado con la presencia de estos animales que causan incomodidades a los residentes.<\/p>\n","protected":false},"author":5,"featured_media":17516,"comment_status":"closed","ping_status":"open","sticky":false,"template":"","format":"standard","meta":{"footnotes":""},"categories":[3,486,465,485],"tags":[],"class_list":["post-17515","post","type-post","status-publish","format-standard","has-post-thumbnail","hentry","category-cerritos","category-educacion","category-policia-2","category-sociales","entry","simple"],"_links":{"self":[{"href":"https:\/\/www.plurinominal.com.mx\/index.php?rest_route=\/wp\/v2\/posts\/17515","targetHints":{"allow":["GET"]}}],"collection":[{"href":"https:\/\/www.plurinominal.com.mx\/index.php?rest_route=\/wp\/v2\/posts"}],"about":[{"href":"https:\/\/www.plurinominal.com.mx\/index.php?rest_route=\/wp\/v2\/types\/post"}],"author":[{"embeddable":true,"href":"https:\/\/www.plurinominal.com.mx\/index.php?rest_route=\/wp\/v2\/users\/5"}],"replies":[{"embeddable":true,"href":"https:\/\/www.plurinominal.com.mx\/index.php?rest_route=%2Fwp%2Fv2%2Fcomments&post=17515"}],"version-history":[{"count":1,"href":"https:\/\/www.plurinominal.com.mx\/index.php?rest_route=\/wp\/v2\/posts\/17515\/revisions"}],"predecessor-version":[{"id":17517,"href":"https:\/\/www.plurinominal.com.mx\/index.php?rest_route=\/wp\/v2\/posts\/17515\/revisions\/17517"}],"wp:featuredmedia":[{"embeddable":true,"href":"https:\/\/www.plurinominal.com.mx\/index.php?rest_route=\/wp\/v2\/media\/17516"}],"wp:attachment":[{"href":"https:\/\/www.plurinominal.com.mx\/index.php?rest_route=%2Fwp%2Fv2%2Fmedia&parent=17515"}],"wp:term":[{"taxonomy":"category","embeddable":true,"href":"https:\/\/www.plurinominal.com.mx\/index.php?rest_route=%2Fwp%2Fv2%2Fcategories&post=17515"},{"taxonomy":"post_tag","embeddable":true,"href":"https:\/\/www.plurinominal.com.mx\/index.php?rest_route=%2Fwp%2Fv2%2Ftags&post=17515"}],"curies":[{"name":"wp","href":"https:\/\/api.w.org\/{rel}","templated":true}]}}