{"id":17524,"date":"2023-04-23T17:40:36","date_gmt":"2023-04-23T22:40:36","guid":{"rendered":"https:\/\/www.plurinominal.com.mx\/?p=17524"},"modified":"2023-05-29T17:41:40","modified_gmt":"2023-05-29T22:41:40","slug":"consejo-estudiantil-del-cbta-123-rechaza-reglamento","status":"publish","type":"post","link":"https:\/\/www.plurinominal.com.mx\/?p=17524","title":{"rendered":"Consejo Estudiantil del CBTA 123 rechaza reglamento"},"content":{"rendered":"<ul>\n<li class=\"western\" style=\"text-align: justify;\">No representa sus intereses; fue propuesto por direcci\u00f3n de la escuela<\/li>\n<\/ul>\n<p class=\"western\" style=\"text-align: justify;\"><span style=\"font-size: 10pt; font-family: 'trebuchet ms', geneva, sans-serif;\"><strong>REDACCI\u00d3N.-<\/strong><\/span> El Centro de Bachillerato Tecnol\u00f3gico Agropecuario n\u00famero 123 de Cerritos se encuentra en medio del nuevo conflicto por el que se ha convocado una manifestaci\u00f3n pac\u00edfica. Este fin de semana, el Consejo Estudiantil inform\u00f3 que ha recibido el reglamento del plantel para su firma, pero un comunicado se\u00f1ala que el documento, tal como est\u00e1 propuesto no representa los intereses y necesidades de la comunidad estudiantil en su totalidad y pide una revisi\u00f3n y modificaci\u00f3n del mismo.<\/p>\n<p class=\"western\" style=\"text-align: justify;\"><em>NOTA: SI USTED ES DE LOS QUE EXIGE INFORMACI\u00d3N ACTUALIZADA, CIERRE ESTA VENTANA Y CONSULTE LA EDICI\u00d3N IMPRESA M\u00c1S RECIENTE.<\/em><\/p>\n<p class=\"western\" style=\"text-align: justify;\">El Consejo se\u00f1al\u00f3 que est\u00e1 dispuesto a continuar el di\u00e1logo y la negociaci\u00f3n. Los estudiantes no est\u00e1n dispuestos a soportar las imposiciones de un grupo que, al parecer, tiene m\u00e1s poder que la propia direcci\u00f3n de la escuela, tal y como ha sido desde hace m\u00e1s de 20 a\u00f1os.<\/p>\n<p class=\"western\" style=\"text-align: justify;\">Se ha dicho que \u00abLos Dinosaurios\u00bb han impuesto una forma educativa obsoleta y que nadie ha sido capaz de hacerles frente. Se\u00f1alan que un ingeniero act\u00faa de forma humillante, grit\u00e1ndoles y ridiculiz\u00e1ndolos sin darles la oportunidad de expresar sus puntos de vista para que sean tomados en cuenta. Adem\u00e1s, temen que las represalias se reflejen en sus calificaciones.<\/p>\n<p class=\"western\" style=\"text-align: justify;\">El director del CBTA 123, Jos\u00e9 Pablo Carrizales Galv\u00e1n, est\u00e1 entre dos grupos de docentes: unos que se mantienen al margen del conflicto y aquellos que tienen el principal inter\u00e9s por el control de la escuela. \u00c9l es el \u00fanico que puede hacerles frente para solucionar el conflicto.<\/p>\n<p class=\"western\" style=\"text-align: justify;\">De acuerdo con denuncias recibidas por Plurinominal, se pide una investigaci\u00f3n administrativa sobre supuestos cheques a prestanombres y otros esc\u00e1ndalos que han denigrado a la instituci\u00f3n, tal es el caso de im\u00e1genes que usaron de escenario a la misma escuela, donde la persona protagonista, en vez de recibir alguna sanci\u00f3n, parece que result\u00f3 favorecida dada su cercan\u00eda con el grupo de control, mientras el alboroto fue conocido por la sociedad y a\u00fan persiste. Tampoco se olvida la nota que fue manejada en un diario de la Zona Media con el t\u00edtulo de \u201cProfesores Chacalones\u201d, con relaci\u00f3n a una denuncia p\u00fablica de integrantes de familia cerritense, sobre presuntos favores sexuales que un profesor del CBTA 123 pidi\u00f3 a alumnas para mejorar calificaciones. Esta persona s\u00ed fue removida del plantel, aunque el asunto tom\u00f3 otras dimensiones cuando tiempo despu\u00e9s la familia hizo justicia por cuenta propia y por poco matan a alguien.<\/p>\n<p class=\"western\" style=\"text-align: justify;\">Tales situaciones han generado malestar entre la comunidad estudiantil, quienes esperan que intervengan las autoridades educativas para lograr el orden indispensable y que el CBTA 123 siga gozando de la reputaci\u00f3n que alguna vez lo caracteriz\u00f3.<\/p>\n<p class=\"western\" style=\"text-align: justify;\">Como se inform\u00f3 en la pasada edici\u00f3n, estudiantes del Centro de Bachillerato Tecnol\u00f3gico Agropecuario n\u00famero 123 convocaron a una manifestaci\u00f3n pac\u00edfica. Lo que deton\u00f3 la inconformidad es que est\u00e1n hartos de que un grupo de profesores tiene secuestrado el lugar, manteniendo el control acad\u00e9mico y administrativo de la escuela, y que ahora han impuesto nuevas reglas a conveniencia, como el uso de un tono espec\u00edfico de pantal\u00f3n en el uniforme, lo que causar\u00e1 un gasto econ\u00f3mico familiar en plena \u00e9poca de crisis.<\/p>\n<p class=\"western\" style=\"text-align: justify;\">Los alumnos esperan que todo acabe en los mejores t\u00e9rminos y se logren cambios positivos en su plantel educativo. Hasta el momento de escribir esta nota, el llamado a la manifestaci\u00f3n segu\u00eda vigente.<\/p>\n","protected":false},"excerpt":{"rendered":"<p>El Centro de Bachillerato Tecnol\u00f3gico Agropecuario n\u00famero 123 de Cerritos se encuentra en medio del nuevo conflicto por el que se ha convocado una manifestaci\u00f3n pac\u00edfica. Este fin de semana, el Consejo Estudiantil inform\u00f3 que ha recibido el reglamento del plantel para su firma, pero un comunicado se\u00f1ala que el documento, tal como est\u00e1 propuesto no representa los intereses y necesidades de la comunidad estudiantil en su totalidad y pide una revisi\u00f3n y modificaci\u00f3n del mismo.<\/p>\n","protected":false},"author":5,"featured_media":17494,"comment_status":"closed","ping_status":"open","sticky":false,"template":"","format":"standard","meta":{"footnotes":""},"categories":[3,486,485],"tags":[],"class_list":["post-17524","post","type-post","status-publish","format-standard","has-post-thumbnail","hentry","category-cerritos","category-educacion","category-sociales","entry","simple"],"_links":{"self":[{"href":"https:\/\/www.plurinominal.com.mx\/index.php?rest_route=\/wp\/v2\/posts\/17524","targetHints":{"allow":["GET"]}}],"collection":[{"href":"https:\/\/www.plurinominal.com.mx\/index.php?rest_route=\/wp\/v2\/posts"}],"about":[{"href":"https:\/\/www.plurinominal.com.mx\/index.php?rest_route=\/wp\/v2\/types\/post"}],"author":[{"embeddable":true,"href":"https:\/\/www.plurinominal.com.mx\/index.php?rest_route=\/wp\/v2\/users\/5"}],"replies":[{"embeddable":true,"href":"https:\/\/www.plurinominal.com.mx\/index.php?rest_route=%2Fwp%2Fv2%2Fcomments&post=17524"}],"version-history":[{"count":1,"href":"https:\/\/www.plurinominal.com.mx\/index.php?rest_route=\/wp\/v2\/posts\/17524\/revisions"}],"predecessor-version":[{"id":17525,"href":"https:\/\/www.plurinominal.com.mx\/index.php?rest_route=\/wp\/v2\/posts\/17524\/revisions\/17525"}],"wp:featuredmedia":[{"embeddable":true,"href":"https:\/\/www.plurinominal.com.mx\/index.php?rest_route=\/wp\/v2\/media\/17494"}],"wp:attachment":[{"href":"https:\/\/www.plurinominal.com.mx\/index.php?rest_route=%2Fwp%2Fv2%2Fmedia&parent=17524"}],"wp:term":[{"taxonomy":"category","embeddable":true,"href":"https:\/\/www.plurinominal.com.mx\/index.php?rest_route=%2Fwp%2Fv2%2Fcategories&post=17524"},{"taxonomy":"post_tag","embeddable":true,"href":"https:\/\/www.plurinominal.com.mx\/index.php?rest_route=%2Fwp%2Fv2%2Ftags&post=17524"}],"curies":[{"name":"wp","href":"https:\/\/api.w.org\/{rel}","templated":true}]}}