{"id":1754,"date":"2012-01-06T23:09:16","date_gmt":"2012-01-07T05:09:16","guid":{"rendered":"http:\/\/www.plurinominal.com.mx\/?p=1754"},"modified":"2012-02-16T23:09:36","modified_gmt":"2012-02-17T05:09:36","slug":"llamarian-a-declarar-a-integrantes-de-los-dos-bryndis-por-varias-denuncias","status":"publish","type":"post","link":"https:\/\/www.plurinominal.com.mx\/?p=1754","title":{"rendered":"Llamar\u00edan a declarar a integrantes de los dos \u201cBryndis\u201d por varias denuncias"},"content":{"rendered":"<p>Jos\u00e9 \u00c1ngel Mtz.<br \/>\nPersonajes de los dos grupos Bryndis tendr\u00e1n que ser llamados a declarar por tres demandas que existen en las agencias ministeriales de Cerritos y Villa Ju\u00e1rez.<br \/>\nClaudio Monta\u00f1o y Guadalupe Guevara, estar\u00edan siendo requeridos en los municipios para dar sus versiones o intentar conciliaciones por las denuncias que se han iniciado desde 2010.<br \/>\nNo se sab\u00eda que desde el a\u00f1o antepasado hab\u00eda problemas pendientes de resolver, pero ya hubo movimientos que sirvieron para que se destapara este secreto que estaba muy bien guardado en Villa Ju\u00e1rez, donde fue que iniciaron las acciones legales por parte de Mauro Posadas, que pide acci\u00f3n penal contra los integrantes de \u201cBryndis por Siempre\u201d (BxS) desde mediados del 2010.<br \/>\nAntes de celebrarse el baile en Villa Ju\u00e1rez un Licenciado en Derecho pidi\u00f3 la aplicaci\u00f3n de la justicia contra los integrantes del grupo contrario, por lo que se abri\u00f3 un nuevo expediente que est\u00e1 en esta misma agencia ministerial.<br \/>\nEn Cerritos hubo otra denuncia contra Claudio Monta\u00f1o, \u2014que toca los teclados con Mauro Posadas\u2014, por haber supuestamente \u201carrancado\u201d publicidad que se colocaba del baile de la Villa.<br \/>\nPor las averiguaciones ya se maneja que es posible que los integrantes de los grupos sean llamados a declarar en las pr\u00f3ximas semanas para que respondan por las acusaciones.<br \/>\nYa se vaticina que no se dar\u00e1 la reconciliaci\u00f3n y deber\u00e1n ser consignadas las averiguaciones, por eso ser\u00e1 casi un hecho que ambos protagonistas del pleito tengan que declarar en el juzgado mixto de nuestro municipio.<br \/>\nDe acuerdo a personal del Staff de Mauro Posadas, ellos argumentan que el grupo del guitarrista \u201ces el original\u201d, puesto que \u201cLos Guevara\u201d fueron invitados a participar en \u201cBryndis\u201d cuando pertenecieron al grupo denominado \u201cLos Vagos\u201d, que se origin\u00f3 en Villa Ju\u00e1rez.<\/p>\n","protected":false},"excerpt":{"rendered":"<p>Jos\u00e9 \u00c1ngel Mtz. Personajes de los dos grupos Bryndis tendr\u00e1n que ser llamados a declarar por tres demandas que existen en las agencias ministeriales de Cerritos y Villa Ju\u00e1rez. Claudio&#8230;<\/p>\n","protected":false},"author":1,"featured_media":0,"comment_status":"closed","ping_status":"open","sticky":false,"template":"","format":"standard","meta":{"footnotes":""},"categories":[3,4],"tags":[],"class_list":["post-1754","post","type-post","status-publish","format-standard","hentry","category-cerritos","category-villa-juarez","entry","simple"],"_links":{"self":[{"href":"https:\/\/www.plurinominal.com.mx\/index.php?rest_route=\/wp\/v2\/posts\/1754","targetHints":{"allow":["GET"]}}],"collection":[{"href":"https:\/\/www.plurinominal.com.mx\/index.php?rest_route=\/wp\/v2\/posts"}],"about":[{"href":"https:\/\/www.plurinominal.com.mx\/index.php?rest_route=\/wp\/v2\/types\/post"}],"author":[{"embeddable":true,"href":"https:\/\/www.plurinominal.com.mx\/index.php?rest_route=\/wp\/v2\/users\/1"}],"replies":[{"embeddable":true,"href":"https:\/\/www.plurinominal.com.mx\/index.php?rest_route=%2Fwp%2Fv2%2Fcomments&post=1754"}],"version-history":[{"count":0,"href":"https:\/\/www.plurinominal.com.mx\/index.php?rest_route=\/wp\/v2\/posts\/1754\/revisions"}],"wp:attachment":[{"href":"https:\/\/www.plurinominal.com.mx\/index.php?rest_route=%2Fwp%2Fv2%2Fmedia&parent=1754"}],"wp:term":[{"taxonomy":"category","embeddable":true,"href":"https:\/\/www.plurinominal.com.mx\/index.php?rest_route=%2Fwp%2Fv2%2Fcategories&post=1754"},{"taxonomy":"post_tag","embeddable":true,"href":"https:\/\/www.plurinominal.com.mx\/index.php?rest_route=%2Fwp%2Fv2%2Ftags&post=1754"}],"curies":[{"name":"wp","href":"https:\/\/api.w.org\/{rel}","templated":true}]}}