{"id":1764,"date":"2012-01-04T23:14:13","date_gmt":"2012-01-05T05:14:13","guid":{"rendered":"http:\/\/www.plurinominal.com.mx\/?p=1764"},"modified":"2012-02-16T23:14:32","modified_gmt":"2012-02-17T05:14:32","slug":"amigos-recuerdan-a-juan-manuel-castillo-pardo-mejor-conocido-en-cerritos-como-el-chester","status":"publish","type":"post","link":"https:\/\/www.plurinominal.com.mx\/?p=1764","title":{"rendered":"Amigos recuerdan a Juan Manuel Castillo Pardo, mejor conocido en Cerritos como \u201cEl Chester\u201d"},"content":{"rendered":"<p>Marco Serna<br \/>\nAmigos y conocidos de Juan Manuel Castillo Pardo, mejor conocido en Cerritos como \u201cEl Chester\u201d, dieron el p\u00e9same a su familia.<br \/>\nAmante e int\u00e9rprete de la buena m\u00fasica, se le recuerda siempre con su carisma, su voz siempre alentadora y esas amenas charlas que animaban al m\u00e1s deca\u00eddo.<br \/>\nFue en las redes sociales que se colocaron algunas gr\u00e1ficas de \u201cChester\u201d que reflejan su estado de \u00e1nimo, siempre positivo.<br \/>\nCom\u00fanmente, \u201cal amigo de muchos\u201d, se le ve\u00eda frente al auditorio municipal, d\u00f3nde siempre ten\u00eda qu\u00e9 contar.<br \/>\n\u201cAmaneci\u00f3 fr\u00edo, nublado y sin movimiento. El d\u00eda martes 3 de enero a las 2:30 AM aproximadamente se nos adelant\u00f3 el inseparable amigo Juan Manuel Castillo Pardo (Chestther), comenta Mario Gerardo Mar\u00edn Nieto y agrega: \u201cAmante de la vida. Deja de existir aqu\u00ed con nosotros. Algo que nos dej\u00f3, su m\u00fasica, sus palabras, su sonrisa\u201d. \u201cNunca entiendas a las mujeres, qui\u00e9relas m\u00edmalas, apap\u00e1chalas y todo se solucionar\u00e1\u201d. Era uno de los lemas m\u00e1s mencionados por el querido hombre que generalmente utilizaba tirantes, esas correas el\u00e1sticas de tela, que giran sobre los hombros para sostener el pantal\u00f3n y que le daban caracter\u00edstica a su personalidad.<br \/>\nOtro cerritense que radica en la Uni\u00f3n Americana de nombre V\u00edctor Gonz\u00e1lez, nos narra, \u201cen mi adolescencia recuerdo esperar los Jueves. En esos jueves recuerdo pas\u00e1rmela en el estudio (casa) de un gran amigo. Escuchamos por primera vez aqu\u00e9l Romance de Luis Miguel y enseguida charlamos sobre el disco. Mi adolescencia marc\u00f3 el camino de quien soy hoy. Por esas charlas amenas y por la oportunidad de compartir tantos momentos, serenatas y ser parte de mi vida, \u00a1Gracias! Buen viaje querido amigo. Alg\u00fan d\u00eda volveremos a compartir un buen momento, como aquellas charlas enfrente de tu casa. Todav\u00eda escucho: ese mi vale. Chester. Toda una leyenda. QEPD\u201d.<br \/>\nOtro pensamiento escrito manifiesta, \u201cgracias amigo por tu lealtad, tu buen coraz\u00f3n, tu gran amistad, por los buenos ratos, las risas, los consejos, las tristezas pero gracias por ser mi amigo. No te hubieras ido pero Dios lo quiso as\u00ed&#8230; aun no lo creo&#8230; te extra\u00f1ar\u00e9\u201d.<br \/>\nMientras que Rafael De \u00c1vila menciona, \u201csin duda, un buen ser humano se ha marchado a mejor vida. Ese timbre de voz \u00e1spero, esa amabilidad, esa alegr\u00eda y la gran dedicaci\u00f3n que \u00e9l tuvo para atesorar los momentos felices de las familias fueron las caracter\u00edsticas de su gran personalidad. \u201cQue en paz descanse Chester y mi m\u00e1s sentido p\u00e9same al Oso y su familia\u201d. Puntualiza.<\/p>\n","protected":false},"excerpt":{"rendered":"<p>Marco Serna Amigos y conocidos de Juan Manuel Castillo Pardo, mejor conocido en Cerritos como \u201cEl Chester\u201d, dieron el p\u00e9same a su familia. Amante e int\u00e9rprete de la buena m\u00fasica,&#8230;<\/p>\n","protected":false},"author":1,"featured_media":0,"comment_status":"closed","ping_status":"open","sticky":false,"template":"","format":"standard","meta":{"footnotes":""},"categories":[3],"tags":[],"class_list":["post-1764","post","type-post","status-publish","format-standard","hentry","category-cerritos","entry","simple"],"_links":{"self":[{"href":"https:\/\/www.plurinominal.com.mx\/index.php?rest_route=\/wp\/v2\/posts\/1764","targetHints":{"allow":["GET"]}}],"collection":[{"href":"https:\/\/www.plurinominal.com.mx\/index.php?rest_route=\/wp\/v2\/posts"}],"about":[{"href":"https:\/\/www.plurinominal.com.mx\/index.php?rest_route=\/wp\/v2\/types\/post"}],"author":[{"embeddable":true,"href":"https:\/\/www.plurinominal.com.mx\/index.php?rest_route=\/wp\/v2\/users\/1"}],"replies":[{"embeddable":true,"href":"https:\/\/www.plurinominal.com.mx\/index.php?rest_route=%2Fwp%2Fv2%2Fcomments&post=1764"}],"version-history":[{"count":0,"href":"https:\/\/www.plurinominal.com.mx\/index.php?rest_route=\/wp\/v2\/posts\/1764\/revisions"}],"wp:attachment":[{"href":"https:\/\/www.plurinominal.com.mx\/index.php?rest_route=%2Fwp%2Fv2%2Fmedia&parent=1764"}],"wp:term":[{"taxonomy":"category","embeddable":true,"href":"https:\/\/www.plurinominal.com.mx\/index.php?rest_route=%2Fwp%2Fv2%2Fcategories&post=1764"},{"taxonomy":"post_tag","embeddable":true,"href":"https:\/\/www.plurinominal.com.mx\/index.php?rest_route=%2Fwp%2Fv2%2Ftags&post=1764"}],"curies":[{"name":"wp","href":"https:\/\/api.w.org\/{rel}","templated":true}]}}