{"id":17645,"date":"2023-05-19T09:53:44","date_gmt":"2023-05-19T14:53:44","guid":{"rendered":"https:\/\/www.plurinominal.com.mx\/?p=17645"},"modified":"2023-06-23T09:55:33","modified_gmt":"2023-06-23T14:55:33","slug":"conexion-peligrosa-cobro-la-vida-del-perro","status":"publish","type":"post","link":"https:\/\/www.plurinominal.com.mx\/?p=17645","title":{"rendered":"Conexi\u00f3n peligrosa cobr\u00f3 la vida del perro"},"content":{"rendered":"<ul>\n<li class=\"western\" style=\"text-align: justify;\">Vecinos exigen sanci\u00f3n al responsable<\/li>\n<\/ul>\n<p class=\"western\" style=\"text-align: justify;\"><span style=\"font-size: 10pt; font-family: 'trebuchet ms', geneva, sans-serif;\"><b>BETO GUERRERO.- <\/b><\/span>La muerte de un perro electrocutado en Cerritos caus\u00f3 indignaci\u00f3n y temor entre los habitantes, quienes pidieron sancionar al responsable de dejar una conexi\u00f3n el\u00e9ctrica peligrosa.<\/p>\n<p class=\"western\" style=\"text-align: justify;\">El hecho ocurri\u00f3 el pasado mi\u00e9rcoles 17 de mayo, cuando al parecer, el animal se orin\u00f3 en un poste donde hab\u00eda unos cables sueltos. Al recibir la descarga el\u00e9ctrica, el perro muri\u00f3 al instante.<\/p>\n<p class=\"western\" style=\"text-align: justify;\"><em>NOTA: SI USTED ES DE LOS QUE EXIGE INFORMACI\u00d3N ACTUALIZADA, CIERRE ESTA VENTANA Y CONSULTE LA EDICI\u00d3N IMPRESA M\u00c1S RECIENTE.<\/em><\/p>\n<p class=\"western\" style=\"text-align: justify;\">Los vecinos denunciaron que la conexi\u00f3n se hab\u00eda hecho para la pr\u00f3xima expo rodante, que se realizar\u00eda el 20 y 21 de mayo, pero sin el profesionalismo adecuado. Advirtieron que un ni\u00f1o o un adulto pudieron ser v\u00edctimas de la misma situaci\u00f3n.<\/p>\n<p class=\"western\" style=\"text-align: justify;\">Sobre qui\u00e9n llev\u00f3 a cabo la instalaci\u00f3n una funcionaria dijo, \u201cya fueron a checar, y la conexi\u00f3n ten\u00eda hasta cinta diurex, estaba tan mal hecha que eso caus\u00f3 el accidente, pero no saben qui\u00e9n fue el que la hizo. Ya pusimos al tanto a las personas que se instalan alrededor para que tengan cuidado y no hagan ninguna conexi\u00f3n sin la debida supervisi\u00f3n\u201d.<\/p>\n","protected":false},"excerpt":{"rendered":"<p>La muerte de un perro electrocutado en Cerritos caus\u00f3 indignaci\u00f3n y temor entre los habitantes, quienes pidieron sancionar al responsable de dejar una conexi\u00f3n el\u00e9ctrica peligrosa.<\/p>\n","protected":false},"author":5,"featured_media":17646,"comment_status":"closed","ping_status":"open","sticky":false,"template":"","format":"standard","meta":{"footnotes":""},"categories":[3,483,486,465,485],"tags":[],"class_list":["post-17645","post","type-post","status-publish","format-standard","has-post-thumbnail","hentry","category-cerritos","category-cultura","category-educacion","category-policia-2","category-sociales","entry","simple"],"_links":{"self":[{"href":"https:\/\/www.plurinominal.com.mx\/index.php?rest_route=\/wp\/v2\/posts\/17645","targetHints":{"allow":["GET"]}}],"collection":[{"href":"https:\/\/www.plurinominal.com.mx\/index.php?rest_route=\/wp\/v2\/posts"}],"about":[{"href":"https:\/\/www.plurinominal.com.mx\/index.php?rest_route=\/wp\/v2\/types\/post"}],"author":[{"embeddable":true,"href":"https:\/\/www.plurinominal.com.mx\/index.php?rest_route=\/wp\/v2\/users\/5"}],"replies":[{"embeddable":true,"href":"https:\/\/www.plurinominal.com.mx\/index.php?rest_route=%2Fwp%2Fv2%2Fcomments&post=17645"}],"version-history":[{"count":1,"href":"https:\/\/www.plurinominal.com.mx\/index.php?rest_route=\/wp\/v2\/posts\/17645\/revisions"}],"predecessor-version":[{"id":17647,"href":"https:\/\/www.plurinominal.com.mx\/index.php?rest_route=\/wp\/v2\/posts\/17645\/revisions\/17647"}],"wp:featuredmedia":[{"embeddable":true,"href":"https:\/\/www.plurinominal.com.mx\/index.php?rest_route=\/wp\/v2\/media\/17646"}],"wp:attachment":[{"href":"https:\/\/www.plurinominal.com.mx\/index.php?rest_route=%2Fwp%2Fv2%2Fmedia&parent=17645"}],"wp:term":[{"taxonomy":"category","embeddable":true,"href":"https:\/\/www.plurinominal.com.mx\/index.php?rest_route=%2Fwp%2Fv2%2Fcategories&post=17645"},{"taxonomy":"post_tag","embeddable":true,"href":"https:\/\/www.plurinominal.com.mx\/index.php?rest_route=%2Fwp%2Fv2%2Ftags&post=17645"}],"curies":[{"name":"wp","href":"https:\/\/api.w.org\/{rel}","templated":true}]}}