{"id":1770,"date":"2012-01-08T23:16:20","date_gmt":"2012-01-09T05:16:20","guid":{"rendered":"http:\/\/www.plurinominal.com.mx\/?p=1770"},"modified":"2012-02-16T23:16:48","modified_gmt":"2012-02-17T05:16:48","slug":"consternacion-entre-familiares-y-amigos-del-ronco-por-su-fallecimiento","status":"publish","type":"post","link":"https:\/\/www.plurinominal.com.mx\/?p=1770","title":{"rendered":"Consternaci\u00f3n entre familiares y amigos del \u00abRonco\u00bb por su fallecimiento"},"content":{"rendered":"<p>Cerritenses acudieron a despedirlo a su \u00faltima morada <\/p>\n<p>Ma. del Carmen V.<br \/>\nNutrido n\u00famero de amigos y familiares, acompa\u00f1aron hasta su \u00faltima morada a Francisco Javier \u00c1lvarez Quintero, conocido como \u00abEl Ronco\u00bb la tarde de este s\u00e1bado 7 de enero de 2012.<br \/>\nEntre la multitud, se not\u00f3 gran consternaci\u00f3n por su fallecimiento a causa de un infarto.<br \/>\nLos problemas de salud de Francisco Javier obedec\u00edan a la avanzada enfermedad de diabetes que padec\u00eda y el poco cuidado que ten\u00eda de su salud.<br \/>\nMuchos de los presentes manifestaron, que a trav\u00e9s del tiempo \u00abEl Ronco\u00bb supo ganarse la amistad de mucha gente. Era servicial y adem\u00e1s sab\u00eda tratar a las personas.<br \/>\nPara El Ronco, Cerritos fue su lugar predilecto para vivir, pues la mayor parte de sus familiares emigraron a la ciudad de San Luis Potos\u00ed.<br \/>\nJavier nunca quiso abandonar Cerritos y ahora por siempre permanecer\u00e1 en este municipio, en la tumba que ocupan sus restos, y que tambi\u00e9n alberga a su padre y al \u00abMiguelillo \u00c1lvarez Quintero\u00bb \u2014su hermano que fue asesinado con arma de fuego\u2014.<br \/>\nEn el velorio y sepelio se pudo ver a otro de sus hermanos, a quien popularmente conocemos como \u00abEl F\u00e9lix\u00bb, quien se not\u00f3 muy regenerado.<br \/>\nLos problemas para la familia contin\u00faan en otro de sus familiares. Antonio \u00c1lvarez Quintero alrededor de las 11 de la noche del viernes, tuvo que ser sacado del velatorio por la polic\u00eda, ya que estaba causando problemas.<br \/>\nPor la ma\u00f1ana fue liberado pero nuevamente cerca de las dos de la tarde la polic\u00eda lo llev\u00f3 a las celdas preventivas por el mismo delito.<br \/>\nGente de todos los estratos sociales formaron parte del cortejo que acompa\u00f1\u00f3 al \u00abRonco\u00bb hasta el pante\u00f3n municipal.<br \/>\nMuchos son comerciantes y j\u00f3venes que tuvieron amistad con Francisco Javier \u00c1lvarez Quintero. <\/p>\n","protected":false},"excerpt":{"rendered":"<p>Cerritenses acudieron a despedirlo a su \u00faltima morada Ma. del Carmen V. Nutrido n\u00famero de amigos y familiares, acompa\u00f1aron hasta su \u00faltima morada a Francisco Javier \u00c1lvarez Quintero, conocido como&#8230;<\/p>\n","protected":false},"author":1,"featured_media":0,"comment_status":"closed","ping_status":"open","sticky":false,"template":"","format":"standard","meta":{"footnotes":""},"categories":[3],"tags":[],"class_list":["post-1770","post","type-post","status-publish","format-standard","hentry","category-cerritos","entry","simple"],"_links":{"self":[{"href":"https:\/\/www.plurinominal.com.mx\/index.php?rest_route=\/wp\/v2\/posts\/1770","targetHints":{"allow":["GET"]}}],"collection":[{"href":"https:\/\/www.plurinominal.com.mx\/index.php?rest_route=\/wp\/v2\/posts"}],"about":[{"href":"https:\/\/www.plurinominal.com.mx\/index.php?rest_route=\/wp\/v2\/types\/post"}],"author":[{"embeddable":true,"href":"https:\/\/www.plurinominal.com.mx\/index.php?rest_route=\/wp\/v2\/users\/1"}],"replies":[{"embeddable":true,"href":"https:\/\/www.plurinominal.com.mx\/index.php?rest_route=%2Fwp%2Fv2%2Fcomments&post=1770"}],"version-history":[{"count":0,"href":"https:\/\/www.plurinominal.com.mx\/index.php?rest_route=\/wp\/v2\/posts\/1770\/revisions"}],"wp:attachment":[{"href":"https:\/\/www.plurinominal.com.mx\/index.php?rest_route=%2Fwp%2Fv2%2Fmedia&parent=1770"}],"wp:term":[{"taxonomy":"category","embeddable":true,"href":"https:\/\/www.plurinominal.com.mx\/index.php?rest_route=%2Fwp%2Fv2%2Fcategories&post=1770"},{"taxonomy":"post_tag","embeddable":true,"href":"https:\/\/www.plurinominal.com.mx\/index.php?rest_route=%2Fwp%2Fv2%2Ftags&post=1770"}],"curies":[{"name":"wp","href":"https:\/\/api.w.org\/{rel}","templated":true}]}}