{"id":1772,"date":"2012-01-07T23:17:02","date_gmt":"2012-01-08T05:17:02","guid":{"rendered":"http:\/\/www.plurinominal.com.mx\/?p=1772"},"modified":"2012-02-16T23:17:16","modified_gmt":"2012-02-17T05:17:16","slug":"ojo-de-agua-recibira-ambulancia","status":"publish","type":"post","link":"https:\/\/www.plurinominal.com.mx\/?p=1772","title":{"rendered":"Ojo de Agua recibir\u00e1 ambulancia"},"content":{"rendered":"<p>Fue donada por los Servicios Coordinados de Salud de la Zona Media <\/p>\n<p>Ma. del Carmen V.<br \/>\nEl pasado viernes 6 de enero, se llev\u00f3 a cabo una reuni\u00f3n entre el Presidente Municipal Erasmo Galv\u00e1n Nieto y el ex Coordinador de Desarrollo Social Javier Izaguirre Ruiz con el Director de los Servicios Coordinados de Salud en la Zona Media, Dr. Badillo Anguiano.<br \/>\nAll\u00ed se determin\u00f3 la donaci\u00f3n de una ambulancia nueva para el Centro de Salud de Ojo de Agua.<br \/>\nLa entrega del veh\u00edculo se realizar\u00e1 al parecer la pr\u00f3xima semana, para ello la Presidencia Municipal en coordinaci\u00f3n con los habitantes de esa comunidad, llevar\u00e1n a cabo un evento especial.<br \/>\nCabe destacar que la reuni\u00f3n fue auspiciada por el Asesor T\u00e9cnico de la Presidencia Municipal, Salvador Mart\u00ednez Lumbreras, \u00abLa Harina\u00bb.<br \/>\nCon la ambulancia los traslados de emergencia de los pacientes de aquella localidad se realizar\u00e1n de forma inmediata y directamente a esta cabecera municipal o de acuerdo a como lo amerite el caso, pudieran trasladarse a Rioverde o a la capital del estado si se hace necesario.<br \/>\nEl salario del operador de la ambulancia y el combustible correr\u00e1n a cargo del Ayuntamiento o de la Coordinaci\u00f3n de Desarrollo Social, espec\u00edficamente.<\/p>\n","protected":false},"excerpt":{"rendered":"<p>Fue donada por los Servicios Coordinados de Salud de la Zona Media Ma. del Carmen V. El pasado viernes 6 de enero, se llev\u00f3 a cabo una reuni\u00f3n entre el&#8230;<\/p>\n","protected":false},"author":1,"featured_media":0,"comment_status":"closed","ping_status":"open","sticky":false,"template":"","format":"standard","meta":{"footnotes":""},"categories":[3],"tags":[],"class_list":["post-1772","post","type-post","status-publish","format-standard","hentry","category-cerritos","entry","simple"],"_links":{"self":[{"href":"https:\/\/www.plurinominal.com.mx\/index.php?rest_route=\/wp\/v2\/posts\/1772","targetHints":{"allow":["GET"]}}],"collection":[{"href":"https:\/\/www.plurinominal.com.mx\/index.php?rest_route=\/wp\/v2\/posts"}],"about":[{"href":"https:\/\/www.plurinominal.com.mx\/index.php?rest_route=\/wp\/v2\/types\/post"}],"author":[{"embeddable":true,"href":"https:\/\/www.plurinominal.com.mx\/index.php?rest_route=\/wp\/v2\/users\/1"}],"replies":[{"embeddable":true,"href":"https:\/\/www.plurinominal.com.mx\/index.php?rest_route=%2Fwp%2Fv2%2Fcomments&post=1772"}],"version-history":[{"count":0,"href":"https:\/\/www.plurinominal.com.mx\/index.php?rest_route=\/wp\/v2\/posts\/1772\/revisions"}],"wp:attachment":[{"href":"https:\/\/www.plurinominal.com.mx\/index.php?rest_route=%2Fwp%2Fv2%2Fmedia&parent=1772"}],"wp:term":[{"taxonomy":"category","embeddable":true,"href":"https:\/\/www.plurinominal.com.mx\/index.php?rest_route=%2Fwp%2Fv2%2Fcategories&post=1772"},{"taxonomy":"post_tag","embeddable":true,"href":"https:\/\/www.plurinominal.com.mx\/index.php?rest_route=%2Fwp%2Fv2%2Ftags&post=1772"}],"curies":[{"name":"wp","href":"https:\/\/api.w.org\/{rel}","templated":true}]}}