{"id":1774,"date":"2012-01-07T23:17:31","date_gmt":"2012-01-08T05:17:31","guid":{"rendered":"http:\/\/www.plurinominal.com.mx\/?p=1774"},"modified":"2012-02-16T23:17:53","modified_gmt":"2012-02-17T05:17:53","slug":"presidencia-municipal-enviara-pacientes-a-jornada-medica-del-programa-operacion-milagro-en-mexquitic-de-carmona","status":"publish","type":"post","link":"https:\/\/www.plurinominal.com.mx\/?p=1774","title":{"rendered":"Presidencia Municipal enviar\u00e1 pacientes a jornada m\u00e9dica del programa \u201cOperaci\u00f3n Milagro\u201d en Mexquitic de Carmona"},"content":{"rendered":"<p>Ma. del Carmen V.<br \/>\nEl Asesor T\u00e9cnico de la Presidencia Municipal, Salvador Mart\u00ednez Lumbreras, \u00abLa Harina\u00bb, manifest\u00f3 que el programa de \u00abOperaci\u00f3n Milagro\u00bb llevar\u00e1 cabo una jornada m\u00e9dica en el municipio de Mexquitic de Carmona, donde se revisar\u00e1n los pacientes para determinar su tratamiento.<br \/>\nMart\u00ednez Lumbreras dijo, que Jorge Palacios, el director del Programa est\u00e1 convaleciente de las lesiones que sufri\u00f3 a ra\u00edz de la volcadura de su veh\u00edculo en la carretera 57, cuando regresaba de acompa\u00f1ar en una gira al gobernador del estado.<br \/>\nAhora Palacios est\u00e1 promoviendo una jornada m\u00e9dica en esa localidad para evitar que los pacientes acudan a una simple revisi\u00f3n hasta la ciudad de Coahuila, por ello quienes tengan problemas con su vista y deseen realizarse un chequeo deben de acudir a la Presidencia Municipal donde estar\u00e1n apuntando a todos los pacientes que quieran realizar el viaje a Mexquitic.<br \/>\nLa brigada m\u00e9dica de \u00abOperaci\u00f3n Milagro\u00bb estar\u00e1 en la cabecera municipal de Mexquitic el pr\u00f3ximo martes, 10 de enero, de 10:00 de la ma\u00f1ana a 6:00 de la tarde.<br \/>\nEl Asesor T\u00e9cnico tratar\u00e1 de que le faciliten el autob\u00fas del DIF Municipal para el traslado de los pacientes.<br \/>\nDurante la jornada m\u00e9dica se revisar\u00e1 todo tipo de problemas visuales, por ello es interesante que acudan quienes tengan alg\u00fan problema con su vista.<br \/>\nLa invitaci\u00f3n que recibi\u00f3 el municipio para que lleven pacientes a la jornada m\u00e9dica se determin\u00f3 gracias a las gestiones del ex Coordinador de Desarrollo Social Javier Izaguirre Ruiz, quien siempre facilit\u00f3 lo necesario para \u00abOperaci\u00f3n Milagro\u00bb.<br \/>\nLas inscripciones para los interesados ser\u00e1n este lunes, nueve de enero y la salida ser\u00e1 el martes a las nueve de la ma\u00f1ana.<\/p>\n","protected":false},"excerpt":{"rendered":"<p>Ma. del Carmen V. El Asesor T\u00e9cnico de la Presidencia Municipal, Salvador Mart\u00ednez Lumbreras, \u00abLa Harina\u00bb, manifest\u00f3 que el programa de \u00abOperaci\u00f3n Milagro\u00bb llevar\u00e1 cabo una jornada m\u00e9dica en el&#8230;<\/p>\n","protected":false},"author":1,"featured_media":0,"comment_status":"closed","ping_status":"open","sticky":false,"template":"","format":"standard","meta":{"footnotes":""},"categories":[3],"tags":[],"class_list":["post-1774","post","type-post","status-publish","format-standard","hentry","category-cerritos","entry","simple"],"_links":{"self":[{"href":"https:\/\/www.plurinominal.com.mx\/index.php?rest_route=\/wp\/v2\/posts\/1774","targetHints":{"allow":["GET"]}}],"collection":[{"href":"https:\/\/www.plurinominal.com.mx\/index.php?rest_route=\/wp\/v2\/posts"}],"about":[{"href":"https:\/\/www.plurinominal.com.mx\/index.php?rest_route=\/wp\/v2\/types\/post"}],"author":[{"embeddable":true,"href":"https:\/\/www.plurinominal.com.mx\/index.php?rest_route=\/wp\/v2\/users\/1"}],"replies":[{"embeddable":true,"href":"https:\/\/www.plurinominal.com.mx\/index.php?rest_route=%2Fwp%2Fv2%2Fcomments&post=1774"}],"version-history":[{"count":0,"href":"https:\/\/www.plurinominal.com.mx\/index.php?rest_route=\/wp\/v2\/posts\/1774\/revisions"}],"wp:attachment":[{"href":"https:\/\/www.plurinominal.com.mx\/index.php?rest_route=%2Fwp%2Fv2%2Fmedia&parent=1774"}],"wp:term":[{"taxonomy":"category","embeddable":true,"href":"https:\/\/www.plurinominal.com.mx\/index.php?rest_route=%2Fwp%2Fv2%2Fcategories&post=1774"},{"taxonomy":"post_tag","embeddable":true,"href":"https:\/\/www.plurinominal.com.mx\/index.php?rest_route=%2Fwp%2Fv2%2Ftags&post=1774"}],"curies":[{"name":"wp","href":"https:\/\/api.w.org\/{rel}","templated":true}]}}