{"id":1776,"date":"2012-01-08T23:18:07","date_gmt":"2012-01-09T05:18:07","guid":{"rendered":"http:\/\/www.plurinominal.com.mx\/?p=1776"},"modified":"2012-02-16T23:18:28","modified_gmt":"2012-02-17T05:18:28","slug":"inconforma-a-propietarios-de-vehiculos-pago-de-tenencia-vehicular","status":"publish","type":"post","link":"https:\/\/www.plurinominal.com.mx\/?p=1776","title":{"rendered":"Inconforma a propietarios de veh\u00edculos pago de tenencia vehicular"},"content":{"rendered":"<p>Ahora tendr\u00e1n que pagar m\u00e1s que en a\u00f1os anteriores  <\/p>\n<p>M. del C. Valero<br \/>\nPropietarios de autom\u00f3viles se mostraron inconformes por el pago de la tenencia vehicular.<br \/>\nAhora tendr\u00e1n que pagar m\u00e1s que en a\u00f1os anteriores y hasta piensan en darlos de baja e inscribirlos en el padr\u00f3n vehicular de alg\u00fan estado que no contemple el pago.<br \/>\nSe\u00f1alaron, que sus unidades automotrices cada a\u00f1o se desvaloran y la tenencia ha aumentados de costo, a\u00fan cuando sus veh\u00edculos cada d\u00eda son m\u00e1s viejos.<br \/>\nCon recibo en mano demostraron que anteriormente pagaron cantidades mucho m\u00e1s peque\u00f1as que en esta ocasi\u00f3n.<br \/>\nExpresaron que sus veh\u00edculos son modelo 2007, pero este 2012 tendr\u00e1n que pagar m\u00e1s de 4000 pesos como tenencia vehicular.<br \/>\nEn la oficina les indicaron que es una nueva ley que promovieron los diputados, donde todo veh\u00edculo que tenga un valor superior a los 150,000 pesos deber\u00e1 de pagar mayor costo.<br \/>\nLos propietarios de veh\u00edculos han pensado en viajar a la ciudad de Quer\u00e9taro, donde no se paga tenencia vehicular, pues aseguraron que de acuerdo a las condiciones econ\u00f3micas prevalecientes es dif\u00edcil cubrir la cantidad econ\u00f3mica que ahora les est\u00e1n fijando.<br \/>\nExplicaron que la eliminaci\u00f3n de tenencia vehicular a nivel federal en nada benefici\u00f3 a los potosinos, ya que aqu\u00ed en lugar de bajar ese pago o eliminarlo, se increment\u00f3.<br \/>\nA nivel federal solamente pagar\u00e1n tenencia los veh\u00edculos que rebasen el valor de los 450,000 pesos, pero en el estado redujeron el monto a 150,000 pesos.<br \/>\nDe ser cierto lo argumentado en la oficina subalterna de rentas, entonces podr\u00eda convertirse en un rev\u00e9s para los partidos pol\u00edticos, ya que los diputados son los responsables del aumento.<\/p>\n","protected":false},"excerpt":{"rendered":"<p>Ahora tendr\u00e1n que pagar m\u00e1s que en a\u00f1os anteriores M. del C. Valero Propietarios de autom\u00f3viles se mostraron inconformes por el pago de la tenencia vehicular. Ahora tendr\u00e1n que pagar&#8230;<\/p>\n","protected":false},"author":1,"featured_media":0,"comment_status":"closed","ping_status":"open","sticky":false,"template":"","format":"standard","meta":{"footnotes":""},"categories":[3],"tags":[],"class_list":["post-1776","post","type-post","status-publish","format-standard","hentry","category-cerritos","entry","simple"],"_links":{"self":[{"href":"https:\/\/www.plurinominal.com.mx\/index.php?rest_route=\/wp\/v2\/posts\/1776","targetHints":{"allow":["GET"]}}],"collection":[{"href":"https:\/\/www.plurinominal.com.mx\/index.php?rest_route=\/wp\/v2\/posts"}],"about":[{"href":"https:\/\/www.plurinominal.com.mx\/index.php?rest_route=\/wp\/v2\/types\/post"}],"author":[{"embeddable":true,"href":"https:\/\/www.plurinominal.com.mx\/index.php?rest_route=\/wp\/v2\/users\/1"}],"replies":[{"embeddable":true,"href":"https:\/\/www.plurinominal.com.mx\/index.php?rest_route=%2Fwp%2Fv2%2Fcomments&post=1776"}],"version-history":[{"count":0,"href":"https:\/\/www.plurinominal.com.mx\/index.php?rest_route=\/wp\/v2\/posts\/1776\/revisions"}],"wp:attachment":[{"href":"https:\/\/www.plurinominal.com.mx\/index.php?rest_route=%2Fwp%2Fv2%2Fmedia&parent=1776"}],"wp:term":[{"taxonomy":"category","embeddable":true,"href":"https:\/\/www.plurinominal.com.mx\/index.php?rest_route=%2Fwp%2Fv2%2Fcategories&post=1776"},{"taxonomy":"post_tag","embeddable":true,"href":"https:\/\/www.plurinominal.com.mx\/index.php?rest_route=%2Fwp%2Fv2%2Ftags&post=1776"}],"curies":[{"name":"wp","href":"https:\/\/api.w.org\/{rel}","templated":true}]}}