{"id":1780,"date":"2012-01-09T23:24:08","date_gmt":"2012-01-10T05:24:08","guid":{"rendered":"http:\/\/www.plurinominal.com.mx\/?p=1780"},"modified":"2012-02-16T23:24:28","modified_gmt":"2012-02-17T05:24:28","slug":"podria-ir-prd-en-alianza-con-pt-y-convergencia-ernesto-vazquez","status":"publish","type":"post","link":"https:\/\/www.plurinominal.com.mx\/?p=1780","title":{"rendered":"Podr\u00eda ir PRD en alianza con PT y Convergencia: Ernesto V\u00e1zquez"},"content":{"rendered":"<p>Registro de precandidatos concluye el domingo <\/p>\n<p>Ma. del Carmen V.<br \/>\nEl dirigente del Partido de la Revoluci\u00f3n Democr\u00e1tica en Cerritos, Ernesto V\u00e1zquez, extern\u00f3 a Plurinominal que es probable que su partido vaya en alianza con PT y Convergencia, esto debido a que casi se agota el t\u00e9rmino para el registro de pre candidatos.<br \/>\nErnesto V\u00e1zquez, dijo que no estuvo presente en la reuni\u00f3n del s\u00e1bado siete de enero, donde se elegir\u00eda a la planilla que los representar\u00eda en las elecciones para la renovaci\u00f3n del Ayuntamiento.<br \/>\nEl dirigente del PRD, tuvo que realizar un viaje a la ciudad de San Luis Potos\u00ed, pero asegur\u00f3 que debido a que el registro concluye el domingo por la medianoche, no es posible que el PRD municipal registre candidatos.<br \/>\nTodo hace suponer que ir\u00e1 en alianza con PT y Convergencia.<br \/>\nRevel\u00f3, que los aspirantes deben reunir ciertos documentos como el acta de nacimiento, carta de no antecedentes penales, carta de vecindad, entre otros, y \u00e9stos solamente se consiguen en la Presidencia Municipal.<br \/>\nReconoci\u00f3 que la administraci\u00f3n no labora los domingos y por lo tanto la papeler\u00eda no se podr\u00eda conseguir.<br \/>\nSobre la coalici\u00f3n, declar\u00f3, \u201cser\u00eda una alianza de partidos, tal como viene desde arriba\u00bb.<br \/>\nErnesto V\u00e1zquez, se perfila como primer Regidor de esa alianza, aunque tambi\u00e9n reconoci\u00f3 que el PRD en el municipio est\u00e1 endeble.<br \/>\nV\u00e1zquez dijo, que lo que interesa es el apoyo hacia el candidato a la Presidencia de la Rep\u00fablica, Andr\u00e9s Manuel L\u00f3pez Obrador.<br \/>\nIndic\u00f3 que el PT ya tiene candidato en la persona de Javier Izaguirre Ruiz y que a \u00e9l le dar\u00edan todo el apoyo los perredistas.<br \/>\nSobre la candidatura a la diputaci\u00f3n local dijo, que a\u00fan no est\u00e1 definida, pero que al parecer el candidato ser\u00e1 Erasmo Galv\u00e1n Nieto y sobre la diputaci\u00f3n Federal se perfila Jorge Esquivel Guill\u00e9n.<br \/>\nDebido a la posible candidatura de Erasmo Galv\u00e1n a la diputaci\u00f3n local, se esperaba de un momento a otro la separaci\u00f3n del cargo.<br \/>\nPero de \u00faltimo momento se nos revel\u00f3, que Erasmo Galv\u00e1n ser\u00e1 candidato plurinominal, por ello no tiene que hacer campa\u00f1a, ni renunciar al cargo que ostenta.<br \/>\nTambi\u00e9n se dijo, que el Presidente del PRD, Jorge Esquivel, m\u00e1s que buscar imponer a un candidato a la Presidencia Municipal, estaba negociando algunos cargos.<br \/>\nEsquivel Guill\u00e9n, fungir\u00e1 como candidato del PRD a una diputaci\u00f3n Federal y como suplente nombr\u00f3 a Jos\u00e9 Guadalupe Medrano Belmares.<br \/>\nTambi\u00e9n dentro del PRD, debido a lo anterior, se auguran pugnas internas.<br \/>\nPor otro lado, se sabe que Tico Belmares logr\u00f3 reunir la documentaci\u00f3n, como un preparativo en caso de que la asamblea lo elija como candidato a la Presidencia Municipal.<br \/>\nPara obtener el nombramiento deber\u00eda de contar con la mayor\u00eda de consejeros quienes ya le dieron el voto a Javier Izaguirre Ruiz.<br \/>\nTrascendi\u00f3, que Ad\u00e1n Medina estaba buscando la Regidur\u00eda para \u00abTico\u00bb.<br \/>\nLa postura de Medina era que el PRD tuviera su propio aspirante, aunque no descartaba la alianza. <\/p>\n","protected":false},"excerpt":{"rendered":"<p>Registro de precandidatos concluye el domingo Ma. del Carmen V. El dirigente del Partido de la Revoluci\u00f3n Democr\u00e1tica en Cerritos, Ernesto V\u00e1zquez, extern\u00f3 a Plurinominal que es probable que su&#8230;<\/p>\n","protected":false},"author":1,"featured_media":0,"comment_status":"closed","ping_status":"open","sticky":false,"template":"","format":"standard","meta":{"footnotes":""},"categories":[3],"tags":[],"class_list":["post-1780","post","type-post","status-publish","format-standard","hentry","category-cerritos","entry","simple"],"_links":{"self":[{"href":"https:\/\/www.plurinominal.com.mx\/index.php?rest_route=\/wp\/v2\/posts\/1780","targetHints":{"allow":["GET"]}}],"collection":[{"href":"https:\/\/www.plurinominal.com.mx\/index.php?rest_route=\/wp\/v2\/posts"}],"about":[{"href":"https:\/\/www.plurinominal.com.mx\/index.php?rest_route=\/wp\/v2\/types\/post"}],"author":[{"embeddable":true,"href":"https:\/\/www.plurinominal.com.mx\/index.php?rest_route=\/wp\/v2\/users\/1"}],"replies":[{"embeddable":true,"href":"https:\/\/www.plurinominal.com.mx\/index.php?rest_route=%2Fwp%2Fv2%2Fcomments&post=1780"}],"version-history":[{"count":0,"href":"https:\/\/www.plurinominal.com.mx\/index.php?rest_route=\/wp\/v2\/posts\/1780\/revisions"}],"wp:attachment":[{"href":"https:\/\/www.plurinominal.com.mx\/index.php?rest_route=%2Fwp%2Fv2%2Fmedia&parent=1780"}],"wp:term":[{"taxonomy":"category","embeddable":true,"href":"https:\/\/www.plurinominal.com.mx\/index.php?rest_route=%2Fwp%2Fv2%2Fcategories&post=1780"},{"taxonomy":"post_tag","embeddable":true,"href":"https:\/\/www.plurinominal.com.mx\/index.php?rest_route=%2Fwp%2Fv2%2Ftags&post=1780"}],"curies":[{"name":"wp","href":"https:\/\/api.w.org\/{rel}","templated":true}]}}