{"id":1782,"date":"2012-01-06T23:27:53","date_gmt":"2012-01-07T05:27:53","guid":{"rendered":"http:\/\/www.plurinominal.com.mx\/?p=1782"},"modified":"2012-02-16T23:28:13","modified_gmt":"2012-02-17T05:28:13","slug":"se-llevaron-a-cabo-encuentros-finales-del-torneo-de-futbol-categoria-preescolar","status":"publish","type":"post","link":"https:\/\/www.plurinominal.com.mx\/?p=1782","title":{"rendered":"Se llevaron a cabo encuentros finales del torneo de futbol categor\u00eda preescolar"},"content":{"rendered":"<p>Corresponsales<br \/>\nLa gran final del torneo de futbol categor\u00eda preescolar, se llev\u00f3 a cabo este 5 de enero en la cancha de la Preparatoria de Cerritos.<br \/>\nFue la Coordinaci\u00f3n de Deportes que dirige Secundino Gallegos, quien organiz\u00f3 la justa deportiva.<br \/>\nAsistieron a apoyar a sus peque\u00f1os, los padres de familia y amantes del balompi\u00e9.<br \/>\nPor el tercer lugar, se enfrentaron los equipos del Jard\u00edn de Ni\u00f1os 20 de Noviembre, quienes se impusieron al Rosaura Zapata, 2 tantos a uno.<br \/>\nEl juego por el primer lugar estuvo a cargo de la escuela Rafael Nieto y Francisco Gonz\u00e1lez Bocanegra.<br \/>\nEl encuentro fue emocionante pues termin\u00f3 con empate a gol en tiempo regular.<br \/>\nLas escuadras llegaron a debatirse el triunfo en la serie de penales, resultando vencedor del encuentro el jard\u00edn de ni\u00f1os Rafael Nieto al  anotar 5 tantos contra 4 del equipo adversario.<br \/>\nA la ceremonia de premiaci\u00f3n se dieron cita directivos de la administraci\u00f3n municipal como fueron el Lic. Lucio Ramos Reyes Contralor Municipal, Mauricio Almaz\u00e1n, Director de Comercio, Secundino Gallegos, Coordinador de Deportes y Alberto Chiquito P\u00e9rez, Director de Comunicaci\u00f3n Social, adem\u00e1s de los diferentes Directores de los jardines de ni\u00f1os participantes en el torneo.<br \/>\nDurante la ceremonia de premiaci\u00f3n les fueron entregados balones a los equipos de cuarto y tercer lugar mientras al primero y segundo lugar se les entreg\u00f3 un kit deportivo especial para trabajos en preescolar.<br \/>\nTambi\u00e9n se otorg\u00f3 un trofeo especial al ni\u00f1o Mart\u00edn Estrada Zapata del jard\u00edn de ni\u00f1os Francisco Gonz\u00e1lez Bocanegra, quien result\u00f3 ser el campe\u00f3n goleador al anotar 33 goles en todo el torneo.<br \/>\nAl mismo tiempo se dieron informes de que el pr\u00f3ximo d\u00eda 15 del presente se llevar\u00e1 a cabo una magna inauguraci\u00f3n de los siguientes torneos deportivos los cuales arrancar\u00e1n al mismo tiempo con los de baloncesto, volibol y futbol de primarias  as\u00ed como futbol preescolar, seg\u00fan inform\u00f3 el Coordinador de Deportes de este municipio quien a la vez invit\u00f3 a todos los padres de familia a seguir apoyando a sus peque\u00f1os ense\u00f1ando el camino hacia un deporte de competencia sana.<\/p>\n","protected":false},"excerpt":{"rendered":"<p>Corresponsales La gran final del torneo de futbol categor\u00eda preescolar, se llev\u00f3 a cabo este 5 de enero en la cancha de la Preparatoria de Cerritos. Fue la Coordinaci\u00f3n de&#8230;<\/p>\n","protected":false},"author":1,"featured_media":0,"comment_status":"closed","ping_status":"open","sticky":false,"template":"","format":"standard","meta":{"footnotes":""},"categories":[3],"tags":[],"class_list":["post-1782","post","type-post","status-publish","format-standard","hentry","category-cerritos","entry","simple"],"_links":{"self":[{"href":"https:\/\/www.plurinominal.com.mx\/index.php?rest_route=\/wp\/v2\/posts\/1782","targetHints":{"allow":["GET"]}}],"collection":[{"href":"https:\/\/www.plurinominal.com.mx\/index.php?rest_route=\/wp\/v2\/posts"}],"about":[{"href":"https:\/\/www.plurinominal.com.mx\/index.php?rest_route=\/wp\/v2\/types\/post"}],"author":[{"embeddable":true,"href":"https:\/\/www.plurinominal.com.mx\/index.php?rest_route=\/wp\/v2\/users\/1"}],"replies":[{"embeddable":true,"href":"https:\/\/www.plurinominal.com.mx\/index.php?rest_route=%2Fwp%2Fv2%2Fcomments&post=1782"}],"version-history":[{"count":0,"href":"https:\/\/www.plurinominal.com.mx\/index.php?rest_route=\/wp\/v2\/posts\/1782\/revisions"}],"wp:attachment":[{"href":"https:\/\/www.plurinominal.com.mx\/index.php?rest_route=%2Fwp%2Fv2%2Fmedia&parent=1782"}],"wp:term":[{"taxonomy":"category","embeddable":true,"href":"https:\/\/www.plurinominal.com.mx\/index.php?rest_route=%2Fwp%2Fv2%2Fcategories&post=1782"},{"taxonomy":"post_tag","embeddable":true,"href":"https:\/\/www.plurinominal.com.mx\/index.php?rest_route=%2Fwp%2Fv2%2Ftags&post=1782"}],"curies":[{"name":"wp","href":"https:\/\/api.w.org\/{rel}","templated":true}]}}