{"id":17878,"date":"2023-06-22T13:35:16","date_gmt":"2023-06-22T18:35:16","guid":{"rendered":"https:\/\/www.plurinominal.com.mx\/?p=17878"},"modified":"2023-07-20T13:36:25","modified_gmt":"2023-07-20T18:36:25","slug":"escuelas-de-guadalcazar-tienen-condiciones-de-abandono","status":"publish","type":"post","link":"https:\/\/www.plurinominal.com.mx\/?p=17878","title":{"rendered":"Escuelas de Guadalc\u00e1zar tienen condiciones de abandono"},"content":{"rendered":"<ul>\n<li class=\"western\" style=\"text-align: justify;\">Lo mismo sucede en instituciones de la zona Media hasta la Huasteca<\/li>\n<\/ul>\n<p class=\"western\" style=\"text-align: justify;\"><span style=\"font-size: 10pt; font-family: 'trebuchet ms', geneva, sans-serif;\"><strong>JOS\u00c9 \u00c1NGEL MTZ.- <\/strong><\/span>Uno de los rezagos sociales m\u00e1s severos, est\u00e1 identificado en la infraestructura y acceso a la educaci\u00f3n, en municipios que forman un corredor que se extiende desde la zona Media hasta la Huasteca.<\/p>\n<p class=\"western\" style=\"text-align: justify;\">Ignacio Segura titular de la Secretar\u00eda de Desarrollo Social y Regional apunt\u00f3 que hay escuelas con tanto abandono y deterioro, acumulado entre 30 y 40 a\u00f1os.<\/p>\n<p class=\"western\" style=\"text-align: justify;\">En nota de \u201cEl Expr\u00e9s\u201d, firmada por el reportero David Medrano, se explica que escuelas con ese abandono, est\u00e1n detectadas en un corredor que comienza en el municipio de Guadalc\u00e1zar, se extiende por Ciudad del Ma\u00edz y concluye en El Naranjo.<\/p>\n<p class=\"western\" style=\"text-align: justify;\">El funcionario gubernamental explic\u00f3 que a eso obedece el plan del gobernador Ricardo Gallardo, por intervenir o desarrollar nuevas escuelas en el territorio potosino.<\/p>\n<p class=\"western\" style=\"text-align: justify;\">Segura agreg\u00f3 que, con las altas temperaturas y olas de calor, la demanda de agua potable, por condiciones de rezago, est\u00e1 concentrada en los municipios del Altiplano potosino.<\/p>\n","protected":false},"excerpt":{"rendered":"<p>Uno de los rezagos sociales m\u00e1s severos, est\u00e1 identificado en la infraestructura y acceso a la educaci\u00f3n, en municipios que forman un corredor que se extiende desde la zona Media hasta la Huasteca.<\/p>\n","protected":false},"author":5,"featured_media":17879,"comment_status":"closed","ping_status":"open","sticky":false,"template":"","format":"standard","meta":{"footnotes":""},"categories":[486,6,485],"tags":[],"class_list":["post-17878","post","type-post","status-publish","format-standard","has-post-thumbnail","hentry","category-educacion","category-guadalcazar","category-sociales","entry","simple"],"_links":{"self":[{"href":"https:\/\/www.plurinominal.com.mx\/index.php?rest_route=\/wp\/v2\/posts\/17878","targetHints":{"allow":["GET"]}}],"collection":[{"href":"https:\/\/www.plurinominal.com.mx\/index.php?rest_route=\/wp\/v2\/posts"}],"about":[{"href":"https:\/\/www.plurinominal.com.mx\/index.php?rest_route=\/wp\/v2\/types\/post"}],"author":[{"embeddable":true,"href":"https:\/\/www.plurinominal.com.mx\/index.php?rest_route=\/wp\/v2\/users\/5"}],"replies":[{"embeddable":true,"href":"https:\/\/www.plurinominal.com.mx\/index.php?rest_route=%2Fwp%2Fv2%2Fcomments&post=17878"}],"version-history":[{"count":1,"href":"https:\/\/www.plurinominal.com.mx\/index.php?rest_route=\/wp\/v2\/posts\/17878\/revisions"}],"predecessor-version":[{"id":17880,"href":"https:\/\/www.plurinominal.com.mx\/index.php?rest_route=\/wp\/v2\/posts\/17878\/revisions\/17880"}],"wp:featuredmedia":[{"embeddable":true,"href":"https:\/\/www.plurinominal.com.mx\/index.php?rest_route=\/wp\/v2\/media\/17879"}],"wp:attachment":[{"href":"https:\/\/www.plurinominal.com.mx\/index.php?rest_route=%2Fwp%2Fv2%2Fmedia&parent=17878"}],"wp:term":[{"taxonomy":"category","embeddable":true,"href":"https:\/\/www.plurinominal.com.mx\/index.php?rest_route=%2Fwp%2Fv2%2Fcategories&post=17878"},{"taxonomy":"post_tag","embeddable":true,"href":"https:\/\/www.plurinominal.com.mx\/index.php?rest_route=%2Fwp%2Fv2%2Ftags&post=17878"}],"curies":[{"name":"wp","href":"https:\/\/api.w.org\/{rel}","templated":true}]}}