{"id":17881,"date":"2023-06-25T13:36:43","date_gmt":"2023-06-25T18:36:43","guid":{"rendered":"https:\/\/www.plurinominal.com.mx\/?p=17881"},"modified":"2023-07-21T17:04:15","modified_gmt":"2023-07-21T22:04:15","slug":"un-acto-inapropiado","status":"publish","type":"post","link":"https:\/\/www.plurinominal.com.mx\/?p=17881","title":{"rendered":"\u00bfUn acto inapropiado?"},"content":{"rendered":"<ul>\n<li class=\"western\" style=\"text-align: justify;\">La pol\u00e9mica generada por la ni\u00f1a que hizo del ba\u00f1o en la calle<\/li>\n<\/ul>\n<p class=\"western\" style=\"text-align: justify;\"><span style=\"font-size: 10pt; font-family: 'trebuchet ms', geneva, sans-serif;\"><strong>REDACCI\u00d3N.-<\/strong> <\/span>El pasado 23 de junio, se gener\u00f3 controversia en la comunidad de Cerritos debido a un incidente presenciado alrededor de la 1 de la tarde. Una camioneta detuvo el tr\u00e1fico en plena calle para permitir que una ni\u00f1a saliera del veh\u00edculo y utilizara la v\u00eda p\u00fablica como ba\u00f1o. La conducta de los familiares de la menor fue ampliamente criticada por educarla de manera irrespetuosa e inapropiada.<\/p>\n<p class=\"western\" style=\"text-align: justify;\">El incidente ocurri\u00f3 espec\u00edficamente en la calle Mina de Cerritos, generando una discusi\u00f3n entre testigos y personas presentes en el lugar. Gustavo Medrano Rosales fue uno de los ciudadanos que expres\u00f3 su desaprobaci\u00f3n hacia la situaci\u00f3n, calific\u00e1ndola como un comportamiento despreciable desde su espacio de Facebook.<\/p>\n<p class=\"western\" style=\"text-align: justify;\">Ense\u00f1ar a los ni\u00f1os a utilizar adecuadamente los sanitarios y respetar el entorno es una responsabilidad fundamental de los padres y cuidadores. Desde temprana edad, es importante inculcarles buenos h\u00e1bitos de higiene y comportamiento, evitando que realicen sus necesidades en lugares p\u00fablicos. Es importante recordar que los ni\u00f1os son el reflejo de las ense\u00f1anzas que reciben en casa.<\/p>\n","protected":false},"excerpt":{"rendered":"<p>El pasado 23 de junio, se gener\u00f3 controversia en la comunidad de Cerritos debido a un incidente presenciado alrededor de la 1 de la tarde. Una camioneta detuvo el tr\u00e1fico en plena calle para permitir que una ni\u00f1a saliera del veh\u00edculo y utilizara la v\u00eda p\u00fablica como ba\u00f1o. La conducta de los familiares de la menor fue ampliamente criticada por educarla de manera irrespetuosa e inapropiada.<\/p>\n","protected":false},"author":5,"featured_media":17882,"comment_status":"closed","ping_status":"open","sticky":false,"template":"","format":"standard","meta":{"footnotes":""},"categories":[3,486,485],"tags":[],"class_list":["post-17881","post","type-post","status-publish","format-standard","has-post-thumbnail","hentry","category-cerritos","category-educacion","category-sociales","entry","simple"],"_links":{"self":[{"href":"https:\/\/www.plurinominal.com.mx\/index.php?rest_route=\/wp\/v2\/posts\/17881","targetHints":{"allow":["GET"]}}],"collection":[{"href":"https:\/\/www.plurinominal.com.mx\/index.php?rest_route=\/wp\/v2\/posts"}],"about":[{"href":"https:\/\/www.plurinominal.com.mx\/index.php?rest_route=\/wp\/v2\/types\/post"}],"author":[{"embeddable":true,"href":"https:\/\/www.plurinominal.com.mx\/index.php?rest_route=\/wp\/v2\/users\/5"}],"replies":[{"embeddable":true,"href":"https:\/\/www.plurinominal.com.mx\/index.php?rest_route=%2Fwp%2Fv2%2Fcomments&post=17881"}],"version-history":[{"count":2,"href":"https:\/\/www.plurinominal.com.mx\/index.php?rest_route=\/wp\/v2\/posts\/17881\/revisions"}],"predecessor-version":[{"id":17913,"href":"https:\/\/www.plurinominal.com.mx\/index.php?rest_route=\/wp\/v2\/posts\/17881\/revisions\/17913"}],"wp:featuredmedia":[{"embeddable":true,"href":"https:\/\/www.plurinominal.com.mx\/index.php?rest_route=\/wp\/v2\/media\/17882"}],"wp:attachment":[{"href":"https:\/\/www.plurinominal.com.mx\/index.php?rest_route=%2Fwp%2Fv2%2Fmedia&parent=17881"}],"wp:term":[{"taxonomy":"category","embeddable":true,"href":"https:\/\/www.plurinominal.com.mx\/index.php?rest_route=%2Fwp%2Fv2%2Fcategories&post=17881"},{"taxonomy":"post_tag","embeddable":true,"href":"https:\/\/www.plurinominal.com.mx\/index.php?rest_route=%2Fwp%2Fv2%2Ftags&post=17881"}],"curies":[{"name":"wp","href":"https:\/\/api.w.org\/{rel}","templated":true}]}}