{"id":17890,"date":"2023-06-26T13:41:36","date_gmt":"2023-06-26T18:41:36","guid":{"rendered":"https:\/\/www.plurinominal.com.mx\/?p=17890"},"modified":"2023-07-20T13:42:48","modified_gmt":"2023-07-20T18:42:48","slug":"alerta-por-consumo-irresponsable","status":"publish","type":"post","link":"https:\/\/www.plurinominal.com.mx\/?p=17890","title":{"rendered":"Alerta por consumo irresponsable"},"content":{"rendered":"<ul>\n<li class=\"western\" style=\"text-align: justify;\">Un llamado a la moderaci\u00f3n del alcohol durante eventos patronales<\/li>\n<\/ul>\n<p class=\"western\" style=\"text-align: justify;\"><span style=\"font-size: 10pt; font-family: 'trebuchet ms', geneva, sans-serif;\"><strong>MARCO SERNA.-<\/strong> <\/span>Durante la noche del 24 de junio, la plaza de Cerritos se transform\u00f3 en un escenario de consumo excesivo de bebidas alcoh\u00f3licas. Los asistentes paseaban por los pasillos con bebidas en mano y se instalaron en distintos puntos de la plaza para continuar ingiriendo alcohol.<\/p>\n<p class=\"western\" style=\"text-align: justify;\">El lugar qued\u00f3 cubierto de latas de cerveza vac\u00edas y envases durante las festividades en honor a San Juan Bautista. Algunos individuos m\u00e1s audaces incluso vaciaron botellas de vino en vasos frente a adultos y ni\u00f1os presentes en el lugar. Afortunadamente, no se registraron altercados p\u00fablicos, pero no es la primera vez que los festejos patronales se convierten en una excusa para que las personas se embriaguen.<\/p>\n<p class=\"western\" style=\"text-align: justify;\">Este tipo de situaciones plantea preocupaciones sobre el consumo irresponsable de alcohol en espacios p\u00fablicos, especialmente durante festividades y eventos comunitarios. Adem\u00e1s de los riesgos para la salud y la seguridad personal de quienes participan en este tipo de comportamiento, tambi\u00e9n se crea un ambiente inc\u00f3modo y poco seguro para las personas que desean disfrutar de las celebraciones de manera tranquila y respetuosa.<\/p>\n","protected":false},"excerpt":{"rendered":"<p>Durante la noche del 24 de junio, la plaza de Cerritos se transform\u00f3 en un escenario de consumo excesivo de bebidas alcoh\u00f3licas. Los asistentes paseaban por los pasillos con bebidas en mano y se instalaron en distintos puntos de la plaza para continuar ingiriendo alcohol.<\/p>\n","protected":false},"author":5,"featured_media":17891,"comment_status":"closed","ping_status":"open","sticky":false,"template":"","format":"standard","meta":{"footnotes":""},"categories":[3,483,486,485],"tags":[],"class_list":["post-17890","post","type-post","status-publish","format-standard","has-post-thumbnail","hentry","category-cerritos","category-cultura","category-educacion","category-sociales","entry","simple"],"_links":{"self":[{"href":"https:\/\/www.plurinominal.com.mx\/index.php?rest_route=\/wp\/v2\/posts\/17890","targetHints":{"allow":["GET"]}}],"collection":[{"href":"https:\/\/www.plurinominal.com.mx\/index.php?rest_route=\/wp\/v2\/posts"}],"about":[{"href":"https:\/\/www.plurinominal.com.mx\/index.php?rest_route=\/wp\/v2\/types\/post"}],"author":[{"embeddable":true,"href":"https:\/\/www.plurinominal.com.mx\/index.php?rest_route=\/wp\/v2\/users\/5"}],"replies":[{"embeddable":true,"href":"https:\/\/www.plurinominal.com.mx\/index.php?rest_route=%2Fwp%2Fv2%2Fcomments&post=17890"}],"version-history":[{"count":1,"href":"https:\/\/www.plurinominal.com.mx\/index.php?rest_route=\/wp\/v2\/posts\/17890\/revisions"}],"predecessor-version":[{"id":17892,"href":"https:\/\/www.plurinominal.com.mx\/index.php?rest_route=\/wp\/v2\/posts\/17890\/revisions\/17892"}],"wp:featuredmedia":[{"embeddable":true,"href":"https:\/\/www.plurinominal.com.mx\/index.php?rest_route=\/wp\/v2\/media\/17891"}],"wp:attachment":[{"href":"https:\/\/www.plurinominal.com.mx\/index.php?rest_route=%2Fwp%2Fv2%2Fmedia&parent=17890"}],"wp:term":[{"taxonomy":"category","embeddable":true,"href":"https:\/\/www.plurinominal.com.mx\/index.php?rest_route=%2Fwp%2Fv2%2Fcategories&post=17890"},{"taxonomy":"post_tag","embeddable":true,"href":"https:\/\/www.plurinominal.com.mx\/index.php?rest_route=%2Fwp%2Fv2%2Ftags&post=17890"}],"curies":[{"name":"wp","href":"https:\/\/api.w.org\/{rel}","templated":true}]}}