{"id":17975,"date":"2023-07-15T10:40:12","date_gmt":"2023-07-15T15:40:12","guid":{"rendered":"https:\/\/www.plurinominal.com.mx\/?p=17975"},"modified":"2023-07-25T10:42:03","modified_gmt":"2023-07-25T15:42:03","slug":"logro-academico-en-cedral","status":"publish","type":"post","link":"https:\/\/www.plurinominal.com.mx\/?p=17975","title":{"rendered":"\u00a1Logro acad\u00e9mico en Cedral!"},"content":{"rendered":"<ul>\n<li class=\"western\" style=\"text-align: justify;\">Tres j\u00f3venes de Cerritos alcanzan su t\u00edtulo de maestras<\/li>\n<\/ul>\n<p class=\"western\" style=\"text-align: justify;\"><span style=\"font-size: 10pt; font-family: 'trebuchet ms', geneva, sans-serif;\"><strong>MARCO SERNA.-<\/strong> <\/span>Tres j\u00f3venes de Cerritos, Melissa Mata R\u00edos, Paola S\u00e1nchez y Paola Lizbeth Alejos, han logrado un importante hito en su formaci\u00f3n acad\u00e9mica al graduarse como maestras de la Escuela Normal del municipio de Cedral. En una emotiva ceremonia de graduaci\u00f3n, junto a otros 97 compa\u00f1eros de generaci\u00f3n, estas j\u00f3venes recibieron felicitaciones por parte de sus amigos y familiares.<\/p>\n<p class=\"western\" style=\"text-align: justify;\">La Escuela Normal de Cedral, reconocida por su calidad educativa y formaci\u00f3n docente, ha sido el lugar donde Melissa, Paola S\u00e1nchez y Paola Lizbeth han adquirido los conocimientos y habilidades necesarios para ejercer la noble profesi\u00f3n de maestras. Durante su formaci\u00f3n, han tenido la oportunidad de adentrarse en la teor\u00eda pedag\u00f3gica, la pr\u00e1ctica docente y el desarrollo de competencias necesarias para brindar una educaci\u00f3n de calidad a las futuras generaciones.<\/p>\n<p class=\"western\" style=\"text-align: justify;\">Los logros alcanzados por estas j\u00f3venes son motivo de orgullo para su comunidad de origen, Cerritos, pero de Villa Ju\u00e1rez tambi\u00e9n surgi\u00f3 otra persona graduada de la misma generaci\u00f3n. Sus amigos y familiares los felicitan por su dedicaci\u00f3n, esfuerzo y perseverancia. Adem\u00e1s, les instan a seguir adelante en su camino profesional, llevando consigo los valores y conocimientos adquiridos en su formaci\u00f3n.<\/p>\n<p class=\"western\" style=\"text-align: justify;\">Esta graduaci\u00f3n marca el inicio de una nueva etapa para Melissa, Paola S\u00e1nchez y Paola Lizbeth, quienes ahora tienen la responsabilidad de llevar su pasi\u00f3n por la educaci\u00f3n a las aulas y contribuir al desarrollo y formaci\u00f3n de las futuras generaciones. Su vocaci\u00f3n y compromiso son un ejemplo inspirador para otros j\u00f3venes que sue\u00f1an con seguir una carrera en la docencia.<\/p>\n","protected":false},"excerpt":{"rendered":"<p>Tres j\u00f3venes de Cerritos, Melissa Mata R\u00edos, Paola S\u00e1nchez y Paola Lizbeth Alejos, han logrado un importante hito en su formaci\u00f3n acad\u00e9mica al graduarse como maestras de la Escuela Normal del municipio de Cedral. En una emotiva ceremonia de graduaci\u00f3n, junto a otros 97 compa\u00f1eros de generaci\u00f3n, estas j\u00f3venes recibieron felicitaciones por parte de sus amigos y familiares.<\/p>\n","protected":false},"author":5,"featured_media":17976,"comment_status":"closed","ping_status":"open","sticky":false,"template":"","format":"standard","meta":{"footnotes":""},"categories":[486,485],"tags":[],"class_list":["post-17975","post","type-post","status-publish","format-standard","has-post-thumbnail","hentry","category-educacion","category-sociales","entry","simple"],"_links":{"self":[{"href":"https:\/\/www.plurinominal.com.mx\/index.php?rest_route=\/wp\/v2\/posts\/17975","targetHints":{"allow":["GET"]}}],"collection":[{"href":"https:\/\/www.plurinominal.com.mx\/index.php?rest_route=\/wp\/v2\/posts"}],"about":[{"href":"https:\/\/www.plurinominal.com.mx\/index.php?rest_route=\/wp\/v2\/types\/post"}],"author":[{"embeddable":true,"href":"https:\/\/www.plurinominal.com.mx\/index.php?rest_route=\/wp\/v2\/users\/5"}],"replies":[{"embeddable":true,"href":"https:\/\/www.plurinominal.com.mx\/index.php?rest_route=%2Fwp%2Fv2%2Fcomments&post=17975"}],"version-history":[{"count":1,"href":"https:\/\/www.plurinominal.com.mx\/index.php?rest_route=\/wp\/v2\/posts\/17975\/revisions"}],"predecessor-version":[{"id":17977,"href":"https:\/\/www.plurinominal.com.mx\/index.php?rest_route=\/wp\/v2\/posts\/17975\/revisions\/17977"}],"wp:featuredmedia":[{"embeddable":true,"href":"https:\/\/www.plurinominal.com.mx\/index.php?rest_route=\/wp\/v2\/media\/17976"}],"wp:attachment":[{"href":"https:\/\/www.plurinominal.com.mx\/index.php?rest_route=%2Fwp%2Fv2%2Fmedia&parent=17975"}],"wp:term":[{"taxonomy":"category","embeddable":true,"href":"https:\/\/www.plurinominal.com.mx\/index.php?rest_route=%2Fwp%2Fv2%2Fcategories&post=17975"},{"taxonomy":"post_tag","embeddable":true,"href":"https:\/\/www.plurinominal.com.mx\/index.php?rest_route=%2Fwp%2Fv2%2Ftags&post=17975"}],"curies":[{"name":"wp","href":"https:\/\/api.w.org\/{rel}","templated":true}]}}