{"id":180,"date":"2011-10-31T23:24:04","date_gmt":"2011-10-31T23:24:04","guid":{"rendered":"http:\/\/www.plurinominal.com.mx\/?p=180"},"modified":"2011-11-05T23:25:53","modified_gmt":"2011-11-05T23:25:53","slug":"policia-estatal-cerro-oficinas-por-horas","status":"publish","type":"post","link":"https:\/\/www.plurinominal.com.mx\/?p=180","title":{"rendered":"Polic\u00eda Estatal cerr\u00f3 oficinas por horas"},"content":{"rendered":"<p><a href=\"https:\/\/www.plurinominal.com.mx\/wp-content\/uploads\/5-estatales.jpg\"><img loading=\"lazy\" decoding=\"async\" class=\"alignleft size-medium wp-image-181\" title=\"5 estatales\" src=\"https:\/\/www.plurinominal.com.mx\/wp-content\/uploads\/5-estatales-300x201.jpg\" alt=\"\" width=\"300\" height=\"201\" srcset=\"https:\/\/www.plurinominal.com.mx\/wp-content\/uploads\/5-estatales-300x201.jpg 300w, https:\/\/www.plurinominal.com.mx\/wp-content\/uploads\/5-estatales.jpg 709w\" sizes=\"auto, (max-width: 300px) 100vw, 300px\" \/><\/a>Jos\u00e9 \u00c1ngel Mtz.<br \/>\nPolic\u00edas del Estado dejaron de prestar servicio por varias horas el mi\u00e9rcoles pasado.<br \/>\nExistieron cr\u00edticas de la poblaci\u00f3n cerritense por esta forma de negar el servicio, pues por parte de los municipales es dif\u00edcil que a partir de las 6:00 AM se noten cerradas las puertas de la comandancia, las que duran as\u00ed hasta las 3:00 AM del d\u00eda siguiente, casi siempre.<br \/>\nLa tarde del 26 de octubre la entrada principal a las oficinas de la corporaci\u00f3n estatal \u2014que se ubican sobre la calle Galena\u2014 estuvieron cerradas.<br \/>\nNo se dieron a conocer los motivos, ni tampoco se ha mencionado una reducci\u00f3n de agentes estatales.<br \/>\nTodo parece indicar que durante el momento en que se cerraron las oficinas, se realiz\u00f3 alg\u00fan operativo, pero de esto no hubo informaci\u00f3n al respecto. Tampoco las corporaciones policiacas de los municipios de Cerritos y Villa Ju\u00e1rez, han dado a conocer que hubieran participado conjuntamente en planes preventivos como normalmente se hace.<br \/>\nDurante las \u00faltimas semanas se ha registrado un mayor trabajo de la corporaci\u00f3n en territorio de Villa Ju\u00e1rez, pero en nuestro municipio los servicios prestados se han visto reducidos significativamente.<br \/>\nA la fecha es evidente la falta de cooperaci\u00f3n entre estatales y municipales cerritenses, al grado de que en ocasiones los \u00faltimos han reportado solicitudes de apoyo de parte de los mismos oficiales, quienes piden la intervenci\u00f3n en ciertos conflictos.<\/p>\n","protected":false},"excerpt":{"rendered":"<p>Jos\u00e9 \u00c1ngel Mtz. Polic\u00edas del Estado dejaron de prestar servicio por varias horas el mi\u00e9rcoles pasado. Existieron cr\u00edticas de la poblaci\u00f3n cerritense por esta forma de negar el servicio, pues&#8230;<\/p>\n","protected":false},"author":1,"featured_media":0,"comment_status":"closed","ping_status":"open","sticky":false,"template":"","format":"standard","meta":{"footnotes":""},"categories":[3,4],"tags":[130,131],"class_list":["post-180","post","type-post","status-publish","format-standard","hentry","category-cerritos","category-villa-juarez","tag-estatales","tag-policias","entry","simple"],"_links":{"self":[{"href":"https:\/\/www.plurinominal.com.mx\/index.php?rest_route=\/wp\/v2\/posts\/180","targetHints":{"allow":["GET"]}}],"collection":[{"href":"https:\/\/www.plurinominal.com.mx\/index.php?rest_route=\/wp\/v2\/posts"}],"about":[{"href":"https:\/\/www.plurinominal.com.mx\/index.php?rest_route=\/wp\/v2\/types\/post"}],"author":[{"embeddable":true,"href":"https:\/\/www.plurinominal.com.mx\/index.php?rest_route=\/wp\/v2\/users\/1"}],"replies":[{"embeddable":true,"href":"https:\/\/www.plurinominal.com.mx\/index.php?rest_route=%2Fwp%2Fv2%2Fcomments&post=180"}],"version-history":[{"count":0,"href":"https:\/\/www.plurinominal.com.mx\/index.php?rest_route=\/wp\/v2\/posts\/180\/revisions"}],"wp:attachment":[{"href":"https:\/\/www.plurinominal.com.mx\/index.php?rest_route=%2Fwp%2Fv2%2Fmedia&parent=180"}],"wp:term":[{"taxonomy":"category","embeddable":true,"href":"https:\/\/www.plurinominal.com.mx\/index.php?rest_route=%2Fwp%2Fv2%2Fcategories&post=180"},{"taxonomy":"post_tag","embeddable":true,"href":"https:\/\/www.plurinominal.com.mx\/index.php?rest_route=%2Fwp%2Fv2%2Ftags&post=180"}],"curies":[{"name":"wp","href":"https:\/\/api.w.org\/{rel}","templated":true}]}}