{"id":1801,"date":"2012-01-10T23:41:49","date_gmt":"2012-01-11T05:41:49","guid":{"rendered":"http:\/\/www.plurinominal.com.mx\/?p=1801"},"modified":"2012-02-16T23:42:08","modified_gmt":"2012-02-17T05:42:08","slug":"los-detuvieron-mientras-peleaban","status":"publish","type":"post","link":"https:\/\/www.plurinominal.com.mx\/?p=1801","title":{"rendered":"Los detuvieron mientras peleaban"},"content":{"rendered":"<p>Uno es de la calle 5 de Febrero, otro de la Ni\u00f1o Artillero<\/p>\n<p>Del equipo de redacci\u00f3n<br \/>\nSujeto de la Colonia de Nuestro Padre Jes\u00fas maltrat\u00f3 verbalmente a polic\u00edas al tiempo que los amenaz\u00f3 de muerte porque lo detuvieron cuando se peleaba con otro.<br \/>\nAmparo Rodr\u00edguez, de 15 a\u00f1os, con domicilio en Ni\u00f1o Artillero 136, fue llevado al patio del CEREDI, porque aparte de \u201cbronquearse\u201d, catalog\u00f3 a integrantes del cuerpo policiaco como unos pendejos, pues \u201cdebido a su minor\u00eda de edad pod\u00eda hacer y decir lo que quisiera\u201d.<br \/>\nA las 23:05 horas del 8 de enero del presente a\u00f1o, en uno de los recorridos que realizan los oficiales del municipio, en la calle Ocampo, \u2014entre y Ju\u00e1rez Galeana\u2014, dos personas sosten\u00edan una ri\u00f1a.<br \/>\nYa se hab\u00edan desgarrado las vestiduras, al momento en que los uniformados hicieron su arribo.<br \/>\nUno sin camisa, grit\u00f3 a los polic\u00edas que \u201clos iba a matar\u2026 amanecer\u00edan muertos\u201d, \u201cque ignoraban con quien se met\u00edan\u201d, argumentando la minor\u00eda de edad.<br \/>\nOficiales adscritos a la Direcci\u00f3n de Seguridad, lograron su captura, y se orden\u00f3 el traslado del rijoso al IMSS para certificar sobre su estado, mientras que al rival se le llev\u00f3 a comandancia, donde explic\u00f3 que al transitar sobre la calle Ocampo, un sujeto que no conoc\u00eda lo incit\u00f3 a pelear al romperle la camisa.<br \/>\nJos\u00e9 Eduardo Mart\u00ednez Escalante, asegur\u00f3 que s\u00f3lo se defendi\u00f3 de su oponente. Se\u00f1al\u00f3 como domicilio la calle 5 de Febrero n\u00famero 17, de la Colonia Santa Cruz y se le detuvo por alterar el orden p\u00fablico.<br \/>\nPor su parte, el primero de los mencionados dijo tener por nombre Jos\u00e9 Amparo Rodr\u00edguez.<br \/>\nLuego de ser llevado al patio del CEREDI, fue entregado a su padre Gonzalo Rodr\u00edguez \u00c1vila, al que acus\u00f3 de \u201ctonto\u201d, pues al retirarse dijo que su se\u00f1ora madre s\u00ed apoyar\u00eda las amenazas que hizo a los polic\u00edas. As\u00ed lo expresa el informe de los municipales.<\/p>\n","protected":false},"excerpt":{"rendered":"<p>Uno es de la calle 5 de Febrero, otro de la Ni\u00f1o Artillero Del equipo de redacci\u00f3n Sujeto de la Colonia de Nuestro Padre Jes\u00fas maltrat\u00f3 verbalmente a polic\u00edas al&#8230;<\/p>\n","protected":false},"author":1,"featured_media":0,"comment_status":"closed","ping_status":"open","sticky":false,"template":"","format":"standard","meta":{"footnotes":""},"categories":[3],"tags":[],"class_list":["post-1801","post","type-post","status-publish","format-standard","hentry","category-cerritos","entry","simple"],"_links":{"self":[{"href":"https:\/\/www.plurinominal.com.mx\/index.php?rest_route=\/wp\/v2\/posts\/1801","targetHints":{"allow":["GET"]}}],"collection":[{"href":"https:\/\/www.plurinominal.com.mx\/index.php?rest_route=\/wp\/v2\/posts"}],"about":[{"href":"https:\/\/www.plurinominal.com.mx\/index.php?rest_route=\/wp\/v2\/types\/post"}],"author":[{"embeddable":true,"href":"https:\/\/www.plurinominal.com.mx\/index.php?rest_route=\/wp\/v2\/users\/1"}],"replies":[{"embeddable":true,"href":"https:\/\/www.plurinominal.com.mx\/index.php?rest_route=%2Fwp%2Fv2%2Fcomments&post=1801"}],"version-history":[{"count":0,"href":"https:\/\/www.plurinominal.com.mx\/index.php?rest_route=\/wp\/v2\/posts\/1801\/revisions"}],"wp:attachment":[{"href":"https:\/\/www.plurinominal.com.mx\/index.php?rest_route=%2Fwp%2Fv2%2Fmedia&parent=1801"}],"wp:term":[{"taxonomy":"category","embeddable":true,"href":"https:\/\/www.plurinominal.com.mx\/index.php?rest_route=%2Fwp%2Fv2%2Fcategories&post=1801"},{"taxonomy":"post_tag","embeddable":true,"href":"https:\/\/www.plurinominal.com.mx\/index.php?rest_route=%2Fwp%2Fv2%2Ftags&post=1801"}],"curies":[{"name":"wp","href":"https:\/\/api.w.org\/{rel}","templated":true}]}}