{"id":18024,"date":"2023-07-23T19:23:27","date_gmt":"2023-07-24T00:23:27","guid":{"rendered":"https:\/\/www.plurinominal.com.mx\/?p=18024"},"modified":"2023-07-31T19:27:11","modified_gmt":"2023-08-01T00:27:11","slug":"hombre-es-captado-orinando-en-pasillo-del-mercado-municipal","status":"publish","type":"post","link":"https:\/\/www.plurinominal.com.mx\/?p=18024","title":{"rendered":"Hombre es captado orinando en pasillo del Mercado Municipal"},"content":{"rendered":"<ul>\n<li class=\"western\" style=\"text-align: justify;\">Rechazo ciudadano ante conductas inapropiadas<\/li>\n<\/ul>\n<p class=\"western\" style=\"text-align: justify;\"><span style=\"font-size: 10pt; font-family: 'trebuchet ms', geneva, sans-serif;\"><strong>REDACCI\u00d3N.-<\/strong><\/span> Un lamentable hecho ocurri\u00f3 en el Mercado Municipal de Cerritos, donde un hombre de aproximadamente 60 a\u00f1os fue captado utilizando un pasillo como ba\u00f1o p\u00fablico. La imagen, que r\u00e1pidamente lleg\u00f3 a la Direcci\u00f3n de Desarrollo Econ\u00f3mico, muestra al individuo en short, tenis y playera tipo polo, orinando en pleno pasillo del mercado.<\/p>\n<p class=\"western\" style=\"text-align: justify;\">La fotograf\u00eda gener\u00f3 una fuerte indignaci\u00f3n tanto entre los ciudadanos como las autoridades locales. Ante esta situaci\u00f3n, las autoridades han tomado cartas en el asunto y han identificado al infractor para llamarlo a rendir cuentas y aplicar las sanciones correspondientes por esta falta grave.<\/p>\n<p class=\"western\" style=\"text-align: justify;\">El hecho ha sido duramente criticado, ya que el mercado es un espacio p\u00fablico que debe ser respetado y cuidado por todos los ciudadanos. La conducta inapropiada del individuo representa una clara falta de respeto hacia los dem\u00e1s usuarios y trabajadores del mercado, adem\u00e1s de generar una contaminaci\u00f3n en el lugar.<\/p>\n<p class=\"western\" style=\"text-align: justify;\">Las autoridades de Cerritos han reprobado rotundamente este tipo de comportamientos y han instado a los ciudadanos a mantener el respeto y el cuidado de los espacios p\u00fablicos de la localidad. Asimismo, han recordado que existen servicios de ba\u00f1os p\u00fablicos disponibles para el uso de los visitantes, los cuales deben ser utilizados de manera responsable.<\/p>\n","protected":false},"excerpt":{"rendered":"<p>Un lamentable hecho ocurri\u00f3 en el Mercado Municipal de Cerritos, donde un hombre de aproximadamente 60 a\u00f1os fue captado utilizando un pasillo como ba\u00f1o p\u00fablico. La imagen, que r\u00e1pidamente lleg\u00f3 a la Direcci\u00f3n de Desarrollo Econ\u00f3mico, muestra al individuo en short, tenis y playera tipo polo, orinando en pleno pasillo del mercado.<\/p>\n","protected":false},"author":5,"featured_media":18025,"comment_status":"closed","ping_status":"open","sticky":false,"template":"","format":"standard","meta":{"footnotes":""},"categories":[3,483,486,465,485],"tags":[],"class_list":["post-18024","post","type-post","status-publish","format-standard","has-post-thumbnail","hentry","category-cerritos","category-cultura","category-educacion","category-policia-2","category-sociales","entry","simple"],"_links":{"self":[{"href":"https:\/\/www.plurinominal.com.mx\/index.php?rest_route=\/wp\/v2\/posts\/18024","targetHints":{"allow":["GET"]}}],"collection":[{"href":"https:\/\/www.plurinominal.com.mx\/index.php?rest_route=\/wp\/v2\/posts"}],"about":[{"href":"https:\/\/www.plurinominal.com.mx\/index.php?rest_route=\/wp\/v2\/types\/post"}],"author":[{"embeddable":true,"href":"https:\/\/www.plurinominal.com.mx\/index.php?rest_route=\/wp\/v2\/users\/5"}],"replies":[{"embeddable":true,"href":"https:\/\/www.plurinominal.com.mx\/index.php?rest_route=%2Fwp%2Fv2%2Fcomments&post=18024"}],"version-history":[{"count":1,"href":"https:\/\/www.plurinominal.com.mx\/index.php?rest_route=\/wp\/v2\/posts\/18024\/revisions"}],"predecessor-version":[{"id":18026,"href":"https:\/\/www.plurinominal.com.mx\/index.php?rest_route=\/wp\/v2\/posts\/18024\/revisions\/18026"}],"wp:featuredmedia":[{"embeddable":true,"href":"https:\/\/www.plurinominal.com.mx\/index.php?rest_route=\/wp\/v2\/media\/18025"}],"wp:attachment":[{"href":"https:\/\/www.plurinominal.com.mx\/index.php?rest_route=%2Fwp%2Fv2%2Fmedia&parent=18024"}],"wp:term":[{"taxonomy":"category","embeddable":true,"href":"https:\/\/www.plurinominal.com.mx\/index.php?rest_route=%2Fwp%2Fv2%2Fcategories&post=18024"},{"taxonomy":"post_tag","embeddable":true,"href":"https:\/\/www.plurinominal.com.mx\/index.php?rest_route=%2Fwp%2Fv2%2Ftags&post=18024"}],"curies":[{"name":"wp","href":"https:\/\/api.w.org\/{rel}","templated":true}]}}