{"id":1803,"date":"2012-01-10T23:42:21","date_gmt":"2012-01-11T05:42:21","guid":{"rendered":"http:\/\/www.plurinominal.com.mx\/?p=1803"},"modified":"2012-02-16T23:42:39","modified_gmt":"2012-02-17T05:42:39","slug":"hirieron-a-batazos-a-la-maga-en-la-gallera","status":"publish","type":"post","link":"https:\/\/www.plurinominal.com.mx\/?p=1803","title":{"rendered":"Hirieron a batazos a \u201cLa Maga\u201d en la Gallera"},"content":{"rendered":"<p>Del equipo de redacci\u00f3n<br \/>\nEn tremenda trifulca ocurrida en La Gallera, un hombre fue herido a batazos. Le dicen \u201cLa Maga\u201d.<br \/>\nAsimismo, un veh\u00edculo result\u00f3 da\u00f1ado por sujetos que detuvo la municipal.<br \/>\nA las 18:20 horas del pasado domingo 8 de enero, una llamada an\u00f3nima daba aviso de la batalla campal en el deportivo Manuel Galv\u00e1n.<br \/>\nM\u00e1s de 8 elementos hicieron acto de presencia en ese sitio, mientras que asistentes se\u00f1alaban a 2 individuos que se daban a la fuga al darse cuenta de la llegada de los polic\u00edas.<br \/>\nAs\u00ed dio inicio la persecuci\u00f3n sobre la calle Honorato Castillo, logrando la captura de un primer involucrado.<br \/>\nEntre sus pertenencias, llevaba consigo un bate rojo con gris.<br \/>\nPosteriormente se detuvo a un segundo individuo, pero los polic\u00edas deb\u00edan tambi\u00e9n apoyar a un lesionado que requer\u00eda ayuda en el campo deportivo.<br \/>\nA bordo de la patrulla 05, se traslad\u00f3 a Margarito \u201cLa Maga\u201d Tob\u00edas a la cl\u00ednica del IMSS, quien recibi\u00f3 golpes en la cabeza pero logr\u00f3 identificar como sus agresores al par de detenidos, los que de igual manera fueron se\u00f1alados como los causantes de da\u00f1os a un veh\u00edculo particular, una Ford Ranger, modelo 93, color azul cielo, propiedad de Roberto Vega Amaro, con domicilio en la Manuel Acu\u00f1a, n\u00famero 26, de la colonia Guadalupe.<br \/>\n\u201cLa Maga\u201d interpuso denuncia contra los capturados quienes fueron consignados al Ministerio P\u00fablico a primera hora de este lunes.<br \/>\nAntes,  fueron trasladados a la barandilla municipal en donde dijeron llamarse Antonio Rodr\u00edguez, de 31 a\u00f1os de edad, con domicilio en la calle Francisco Murgu\u00eda n\u00famero 6 de la colonia San Juan, y Juan Carlos Uresti Orozco, de 29 a\u00f1os de edad con domicilio en la calle Martin de Turrubiartes n\u00famero 6 de la colonia San Juan.<br \/>\nSe sabe que \u201cLa Maga Tob\u00edas\u201d tuvo que permanecer internado en el IMSS por algunas horas, como resultado de las lesiones y que el pleito deriv\u00f3 de los reclamos hechos, debido a \u201cviejas\u201d rencillas, problemas del final de temporada y a que se acusa a \u201cLa Maga\u201d de haberle quitado un juego al equipo Cachorros.<br \/>\nDesde el mediod\u00eda se reportaron los altercados y se ignora si se cumpli\u00f3 con el ordenamiento de \u00fanicamente vender 20 cartones de cerveza.<br \/>\nMargarito Tob\u00edas, de la calle Jes\u00fas Carranza 57, Barrio de la Santa Cruz, tiene 51 a\u00f1os y se le report\u00f3 estable al t\u00e9rmino de este ejemplar de Plurinominal.<\/p>\n","protected":false},"excerpt":{"rendered":"<p>Del equipo de redacci\u00f3n En tremenda trifulca ocurrida en La Gallera, un hombre fue herido a batazos. Le dicen \u201cLa Maga\u201d. Asimismo, un veh\u00edculo result\u00f3 da\u00f1ado por sujetos que detuvo&#8230;<\/p>\n","protected":false},"author":1,"featured_media":0,"comment_status":"closed","ping_status":"open","sticky":false,"template":"","format":"standard","meta":{"footnotes":""},"categories":[3],"tags":[],"class_list":["post-1803","post","type-post","status-publish","format-standard","hentry","category-cerritos","entry","simple"],"_links":{"self":[{"href":"https:\/\/www.plurinominal.com.mx\/index.php?rest_route=\/wp\/v2\/posts\/1803","targetHints":{"allow":["GET"]}}],"collection":[{"href":"https:\/\/www.plurinominal.com.mx\/index.php?rest_route=\/wp\/v2\/posts"}],"about":[{"href":"https:\/\/www.plurinominal.com.mx\/index.php?rest_route=\/wp\/v2\/types\/post"}],"author":[{"embeddable":true,"href":"https:\/\/www.plurinominal.com.mx\/index.php?rest_route=\/wp\/v2\/users\/1"}],"replies":[{"embeddable":true,"href":"https:\/\/www.plurinominal.com.mx\/index.php?rest_route=%2Fwp%2Fv2%2Fcomments&post=1803"}],"version-history":[{"count":0,"href":"https:\/\/www.plurinominal.com.mx\/index.php?rest_route=\/wp\/v2\/posts\/1803\/revisions"}],"wp:attachment":[{"href":"https:\/\/www.plurinominal.com.mx\/index.php?rest_route=%2Fwp%2Fv2%2Fmedia&parent=1803"}],"wp:term":[{"taxonomy":"category","embeddable":true,"href":"https:\/\/www.plurinominal.com.mx\/index.php?rest_route=%2Fwp%2Fv2%2Fcategories&post=1803"},{"taxonomy":"post_tag","embeddable":true,"href":"https:\/\/www.plurinominal.com.mx\/index.php?rest_route=%2Fwp%2Fv2%2Ftags&post=1803"}],"curies":[{"name":"wp","href":"https:\/\/api.w.org\/{rel}","templated":true}]}}