{"id":18150,"date":"2023-08-11T20:02:16","date_gmt":"2023-08-12T01:02:16","guid":{"rendered":"https:\/\/www.plurinominal.com.mx\/?p=18150"},"modified":"2023-08-21T20:03:43","modified_gmt":"2023-08-22T01:03:43","slug":"dgetaycm-anuncia-asignacion-de-cargos-y-admision-para-ciclo-escolar-2023-2024","status":"publish","type":"post","link":"https:\/\/www.plurinominal.com.mx\/?p=18150","title":{"rendered":"DGETAyCM anuncia asignaci\u00f3n de cargos y admisi\u00f3n para ciclo escolar 2023-2024"},"content":{"rendered":"<ul>\n<li class=\"western\" style=\"text-align: justify;\">La maestra Sagrario Serna destac\u00f3 al obtener primer lugar estatal en su asignatura<\/li>\n<\/ul>\n<p class=\"western\" style=\"text-align: justify;\"><span style=\"font-size: 10pt; font-family: 'trebuchet ms', geneva, sans-serif;\"><strong>MARCO SERNA.-<\/strong> <\/span>La Direcci\u00f3n General de Educaci\u00f3n Tecnol\u00f3gica Agropecuaria y Ciencias del Mar (DGETAyCM) en San Luis Potos\u00ed realiz\u00f3 una significativa ceremonia de asignaci\u00f3n de cargos con funci\u00f3n directiva y de admisi\u00f3n para el pr\u00f3ximo ciclo escolar 2023-2024. El evento tuvo lugar en el auditorio del Colegio de San Luis (COLSAN) el jueves 10 de agosto de 2023, a partir de las 9:00 de la ma\u00f1ana.<\/p>\n<p class=\"western\" style=\"text-align: justify;\">Presidida por Roger Errej\u00f3n Alaniz, Comisionado Estatal de la DGETAyCM de la Secretar\u00eda de Educaci\u00f3n P\u00fablica (SEP), la ceremonia fue un hito importante para la educaci\u00f3n en el estado. En total, se asignaron 35 cargos a trav\u00e9s de las convocatorias previas de la USICAMM. Durante el evento, se reconoci\u00f3 el arduo trabajo y compromiso de maestros como Josu\u00e9 Enrique Victoria Rosales y Gladys Antonio Loredo, quienes gestionaron y procesaron la documentaci\u00f3n de los participantes durante todo el proceso. Ambos se desempe\u00f1an en la oficina estatal de la DGETAyCM, ubicada en la ciudad de San Luis Potos\u00ed.<\/p>\n<p class=\"western\" style=\"text-align: justify;\">Entre los asignados se encuentran profesionales tanto de la docencia como de la administraci\u00f3n, destinados a los diversos Centros de Bachillerato Tecnol\u00f3gico Agropecuario (CBTA) en San Luis Potos\u00ed. Es relevante destacar a la maestra Juana Mar\u00eda Sagrario Serna Campos, quien se destac\u00f3 al obtener el primer lugar estatal en su asignatura. Sagrario Serna Campos opt\u00f3 por ejercer como docente en el CBTA 123 en la materia Lengua Adicional al Espa\u00f1ol. Adem\u00e1s, la maestra Perla Janeth Hern\u00e1ndez Pineda asumi\u00f3 el cargo de funci\u00f3n directiva en el Departamento Acad\u00e9mico y de Competencias en el mismo plantel.<\/p>\n<p class=\"western\" style=\"text-align: justify;\">Errej\u00f3n Alaniz enfatiz\u00f3 que estos procesos transparentes y din\u00e1micos fortalecen a los planteles que integran la DGETAyCM, contribuyendo al desarrollo acad\u00e9mico y profesional de los estudiantes de nivel medio superior en la regi\u00f3n.<\/p>\n<p class=\"western\" style=\"text-align: justify;\">La ceremonia cont\u00f3 con la presencia de destacados testigos, incluyendo a Francisco Lomel\u00ed Isaza, titular de la Oficina de Enlace Educativo de la SEP en el Estado; Jes\u00fas Rafael Rodr\u00edguez L\u00f3pez, Secretario T\u00e9cnico del Sistema Estatal Anticorrupci\u00f3n; Roberto Luis Stevens Vega, representante de la Secci\u00f3n 26 del Sindicato Nacional de Trabajadores de la Educaci\u00f3n.<\/p>\n<p class=\"western\" style=\"text-align: justify;\">Tambi\u00e9n asistieron representantes de la Direcci\u00f3n de Educaci\u00f3n Media Superior y Superior de la SEGE, como Abiga\u00edl Villagr\u00e1n Rodr\u00edguez, y Carlos Serrano L\u00f3pez, representante de la Direcci\u00f3n General de Educaci\u00f3n Tecnol\u00f3gica Industrial. La jornada marc\u00f3 un compromiso renovado con la educaci\u00f3n de calidad en San Luis Potos\u00ed.<\/p>\n","protected":false},"excerpt":{"rendered":"<p>La Direcci\u00f3n General de Educaci\u00f3n Tecnol\u00f3gica Agropecuaria y Ciencias del Mar (DGETAyCM) en San Luis Potos\u00ed realiz\u00f3 una significativa ceremonia de asignaci\u00f3n de cargos con funci\u00f3n directiva y de admisi\u00f3n para el pr\u00f3ximo ciclo escolar 2023-2024. El evento tuvo lugar en el auditorio del Colegio de San Luis (COLSAN) el jueves 10 de agosto de 2023, a partir de las 9:00 de la ma\u00f1ana.<\/p>\n","protected":false},"author":5,"featured_media":18151,"comment_status":"closed","ping_status":"open","sticky":false,"template":"","format":"standard","meta":{"footnotes":""},"categories":[3,486,485],"tags":[],"class_list":["post-18150","post","type-post","status-publish","format-standard","has-post-thumbnail","hentry","category-cerritos","category-educacion","category-sociales","entry","simple"],"_links":{"self":[{"href":"https:\/\/www.plurinominal.com.mx\/index.php?rest_route=\/wp\/v2\/posts\/18150","targetHints":{"allow":["GET"]}}],"collection":[{"href":"https:\/\/www.plurinominal.com.mx\/index.php?rest_route=\/wp\/v2\/posts"}],"about":[{"href":"https:\/\/www.plurinominal.com.mx\/index.php?rest_route=\/wp\/v2\/types\/post"}],"author":[{"embeddable":true,"href":"https:\/\/www.plurinominal.com.mx\/index.php?rest_route=\/wp\/v2\/users\/5"}],"replies":[{"embeddable":true,"href":"https:\/\/www.plurinominal.com.mx\/index.php?rest_route=%2Fwp%2Fv2%2Fcomments&post=18150"}],"version-history":[{"count":1,"href":"https:\/\/www.plurinominal.com.mx\/index.php?rest_route=\/wp\/v2\/posts\/18150\/revisions"}],"predecessor-version":[{"id":18152,"href":"https:\/\/www.plurinominal.com.mx\/index.php?rest_route=\/wp\/v2\/posts\/18150\/revisions\/18152"}],"wp:featuredmedia":[{"embeddable":true,"href":"https:\/\/www.plurinominal.com.mx\/index.php?rest_route=\/wp\/v2\/media\/18151"}],"wp:attachment":[{"href":"https:\/\/www.plurinominal.com.mx\/index.php?rest_route=%2Fwp%2Fv2%2Fmedia&parent=18150"}],"wp:term":[{"taxonomy":"category","embeddable":true,"href":"https:\/\/www.plurinominal.com.mx\/index.php?rest_route=%2Fwp%2Fv2%2Fcategories&post=18150"},{"taxonomy":"post_tag","embeddable":true,"href":"https:\/\/www.plurinominal.com.mx\/index.php?rest_route=%2Fwp%2Fv2%2Ftags&post=18150"}],"curies":[{"name":"wp","href":"https:\/\/api.w.org\/{rel}","templated":true}]}}