{"id":18226,"date":"2023-08-20T19:21:47","date_gmt":"2023-08-21T00:21:47","guid":{"rendered":"https:\/\/www.plurinominal.com.mx\/?p=18226"},"modified":"2023-08-31T19:23:49","modified_gmt":"2023-09-01T00:23:49","slug":"clases-de-musica-gratuitas-iniciativa-cultural-y-educativa","status":"publish","type":"post","link":"https:\/\/www.plurinominal.com.mx\/?p=18226","title":{"rendered":"Clases de m\u00fasica gratuitas, iniciativa cultural y educativa"},"content":{"rendered":"<ul>\n<li class=\"western\" style=\"text-align: justify;\">Alumnos aprendieron conceptos b\u00e1sicos de guitarra y viol\u00edn<\/li>\n<\/ul>\n<p class=\"western\" style=\"text-align: justify;\"><span style=\"font-size: 10pt; font-family: 'trebuchet ms', geneva, sans-serif;\"><strong>MARCO SERNA.-<\/strong> <\/span>La m\u00fasica es una de las formas m\u00e1s antiguas y universales de expresi\u00f3n art\u00edstica y cultural de la humanidad. Consiste en crear y organizar sonidos y silencios conforme a los principios de la melod\u00eda, la armon\u00eda y el ritmo, generando efectos est\u00e9ticos y emocionales en el oyente. La m\u00fasica tiene m\u00faltiples beneficios para la salud f\u00edsica y mental, como mejorar el estado de \u00e1nimo, reducir el estr\u00e9s, estimular la memoria, favorecer el sue\u00f1o, potenciar el aprendizaje y fortalecer el sistema inmunol\u00f3gico.<\/p>\n<p class=\"western\" style=\"text-align: justify;\">En el municipio de Cerritos, se ha llevado a cabo una exitosa iniciativa para fomentar la educaci\u00f3n musical entre los j\u00f3venes. Se trata de las Clases de M\u00fasica en Vacaciones, que se impartieron en la Casa de la Cultura durante la temporada vacacional. El estudiante en educaci\u00f3n musical Ulises Alberto Gallardo Ruiz fue el encargado de ense\u00f1ar a los alumnos los conceptos b\u00e1sicos de la m\u00fasica, as\u00ed como las t\u00e9cnicas para tocar instrumentos como la guitarra y el viol\u00edn. Los cursos fueron gratuitos y abiertos a todo el p\u00fablico interesado.<\/p>\n<p class=\"western\" style=\"text-align: justify;\">El director de Cultura, Lic. Francisco de Jes\u00fas Reyes Mart\u00ednez, felicit\u00f3 a todos los participantes por el aprendizaje obtenido y agradeci\u00f3 el apoyo de los padres y madres de familia que motivaron a sus hijos a inscribirse. Asimismo, anunci\u00f3 que se planea continuar con el proyecto durante los fines de semana, para que los estudiantes puedan seguir avanzando en su formaci\u00f3n musical.<\/p>\n","protected":false},"excerpt":{"rendered":"<p>La m\u00fasica es una de las formas m\u00e1s antiguas y universales de expresi\u00f3n art\u00edstica y cultural de la humanidad. Consiste en crear y organizar sonidos y silencios conforme a los principios de la melod\u00eda, la armon\u00eda y el ritmo, generando efectos est\u00e9ticos y emocionales en el oyente. La m\u00fasica tiene m\u00faltiples beneficios para la salud f\u00edsica y mental, como mejorar el estado de \u00e1nimo, reducir el estr\u00e9s, estimular la memoria, favorecer el sue\u00f1o, potenciar el aprendizaje y fortalecer el sistema inmunol\u00f3gico.<\/p>\n","protected":false},"author":5,"featured_media":18227,"comment_status":"closed","ping_status":"open","sticky":false,"template":"","format":"standard","meta":{"footnotes":""},"categories":[3,483,486,485],"tags":[],"class_list":["post-18226","post","type-post","status-publish","format-standard","has-post-thumbnail","hentry","category-cerritos","category-cultura","category-educacion","category-sociales","entry","simple"],"_links":{"self":[{"href":"https:\/\/www.plurinominal.com.mx\/index.php?rest_route=\/wp\/v2\/posts\/18226","targetHints":{"allow":["GET"]}}],"collection":[{"href":"https:\/\/www.plurinominal.com.mx\/index.php?rest_route=\/wp\/v2\/posts"}],"about":[{"href":"https:\/\/www.plurinominal.com.mx\/index.php?rest_route=\/wp\/v2\/types\/post"}],"author":[{"embeddable":true,"href":"https:\/\/www.plurinominal.com.mx\/index.php?rest_route=\/wp\/v2\/users\/5"}],"replies":[{"embeddable":true,"href":"https:\/\/www.plurinominal.com.mx\/index.php?rest_route=%2Fwp%2Fv2%2Fcomments&post=18226"}],"version-history":[{"count":1,"href":"https:\/\/www.plurinominal.com.mx\/index.php?rest_route=\/wp\/v2\/posts\/18226\/revisions"}],"predecessor-version":[{"id":18228,"href":"https:\/\/www.plurinominal.com.mx\/index.php?rest_route=\/wp\/v2\/posts\/18226\/revisions\/18228"}],"wp:featuredmedia":[{"embeddable":true,"href":"https:\/\/www.plurinominal.com.mx\/index.php?rest_route=\/wp\/v2\/media\/18227"}],"wp:attachment":[{"href":"https:\/\/www.plurinominal.com.mx\/index.php?rest_route=%2Fwp%2Fv2%2Fmedia&parent=18226"}],"wp:term":[{"taxonomy":"category","embeddable":true,"href":"https:\/\/www.plurinominal.com.mx\/index.php?rest_route=%2Fwp%2Fv2%2Fcategories&post=18226"},{"taxonomy":"post_tag","embeddable":true,"href":"https:\/\/www.plurinominal.com.mx\/index.php?rest_route=%2Fwp%2Fv2%2Ftags&post=18226"}],"curies":[{"name":"wp","href":"https:\/\/api.w.org\/{rel}","templated":true}]}}