{"id":18304,"date":"2023-09-02T17:31:04","date_gmt":"2023-09-02T22:31:04","guid":{"rendered":"https:\/\/www.plurinominal.com.mx\/?p=18304"},"modified":"2023-09-16T17:34:41","modified_gmt":"2023-09-16T22:34:41","slug":"operativo-chatarra-en-cerritos","status":"publish","type":"post","link":"https:\/\/www.plurinominal.com.mx\/?p=18304","title":{"rendered":"Operativo Chatarra en Cerritos"},"content":{"rendered":"<ul>\n<li class=\"western\" style=\"text-align: justify;\">Retirada de veh\u00edculos abandonados en la v\u00eda p\u00fablica<\/li>\n<\/ul>\n<p class=\"western\" style=\"text-align: justify;\"><span style=\"font-size: 10pt; font-family: 'trebuchet ms', geneva, sans-serif;\"><strong>BETO GUERRERO.- <\/strong><\/span>La Direcci\u00f3n de Seguridad P\u00fablica y Tr\u00e1nsito Municipal de Cerritos ha tomado una medida en\u00e9rgica para abordar el problema de los veh\u00edculos abandonados en la v\u00eda p\u00fablica. A trav\u00e9s de un oficio dirigido al propietario de una camioneta Chevrolet que ha estado estacionada en la calle Abasolo durante casi 4 meses, se ha notificado la aplicaci\u00f3n del \u00abOperativo Chatarra\u00bb. Esta iniciativa tiene como objetivo retirar los veh\u00edculos en desuso de las calles de la ciudad.<\/p>\n<p class=\"western\" style=\"text-align: justify;\">El oficio, fechado el 29 de agosto de 2023, se\u00f1ala que la presencia de veh\u00edculos abandonados no solo da una mala imagen a la cabecera municipal, sino que tambi\u00e9n puede convertirse en refugio para personas que podr\u00edan cometer actos delictivos o da\u00f1ar la propiedad de otros. Esta acci\u00f3n se encuentra respaldada por el art\u00edculo 63 de la Ley de Tr\u00e1nsito del Estado y el art\u00edculo 149 del Reglamento de Tr\u00e1nsito Municipal de Cerritos.<\/p>\n<p class=\"western\" style=\"text-align: justify;\">El propietario de la camioneta abandonada ha sido notificado de que tiene un plazo de tres d\u00edas naturales para retirar el veh\u00edculo de la v\u00eda p\u00fablica. De lo contrario, el veh\u00edculo ser\u00e1 remolcado por una gr\u00faa y depositado en los patios de la pensi\u00f3n como garant\u00eda de pago de la infracci\u00f3n correspondiente.<\/p>\n<p class=\"western\" style=\"text-align: justify;\">Este caso de veh\u00edculo abandonado ha sido motivo de preocupaci\u00f3n para los residentes locales, ya que obstaculiza la v\u00eda p\u00fablica y ha estado estacionado en el mismo lugar durante un per\u00edodo prolongado. Adem\u00e1s, se ha observado que una de las llantas delanteras est\u00e1 ponchada, lo que agrava a\u00fan m\u00e1s la situaci\u00f3n. El veh\u00edculo, identificado por placas TC-0634C del estado, es de modelo antiguo y de color azul.<\/p>\n<p class=\"western\" style=\"text-align: justify;\">La medida del \u00abOperativo Chatarra\u00bb se ha aplicado en respuesta a las quejas de los ciudadanos y con el prop\u00f3sito de mantener las calles limpias y seguras. Se busca garantizar que las v\u00edas p\u00fablicas est\u00e9n libres de obst\u00e1culos innecesarios y que no se conviertan en lugares propicios para actividades delictivas.<\/p>\n","protected":false},"excerpt":{"rendered":"<p>La Direcci\u00f3n de Seguridad P\u00fablica y Tr\u00e1nsito Municipal de Cerritos ha tomado una medida en\u00e9rgica para abordar el problema de los veh\u00edculos abandonados en la v\u00eda p\u00fablica. A trav\u00e9s de un oficio dirigido al propietario de una camioneta Chevrolet que ha estado estacionada en la calle Abasolo durante casi 4 meses, se ha notificado la aplicaci\u00f3n del \u00abOperativo Chatarra\u00bb. Esta iniciativa tiene como objetivo retirar los veh\u00edculos en desuso de las calles de la ciudad.<\/p>\n","protected":false},"author":5,"featured_media":18305,"comment_status":"closed","ping_status":"open","sticky":false,"template":"","format":"standard","meta":{"footnotes":""},"categories":[3,483,486,465,485],"tags":[],"class_list":["post-18304","post","type-post","status-publish","format-standard","has-post-thumbnail","hentry","category-cerritos","category-cultura","category-educacion","category-policia-2","category-sociales","entry","simple"],"_links":{"self":[{"href":"https:\/\/www.plurinominal.com.mx\/index.php?rest_route=\/wp\/v2\/posts\/18304","targetHints":{"allow":["GET"]}}],"collection":[{"href":"https:\/\/www.plurinominal.com.mx\/index.php?rest_route=\/wp\/v2\/posts"}],"about":[{"href":"https:\/\/www.plurinominal.com.mx\/index.php?rest_route=\/wp\/v2\/types\/post"}],"author":[{"embeddable":true,"href":"https:\/\/www.plurinominal.com.mx\/index.php?rest_route=\/wp\/v2\/users\/5"}],"replies":[{"embeddable":true,"href":"https:\/\/www.plurinominal.com.mx\/index.php?rest_route=%2Fwp%2Fv2%2Fcomments&post=18304"}],"version-history":[{"count":1,"href":"https:\/\/www.plurinominal.com.mx\/index.php?rest_route=\/wp\/v2\/posts\/18304\/revisions"}],"predecessor-version":[{"id":18306,"href":"https:\/\/www.plurinominal.com.mx\/index.php?rest_route=\/wp\/v2\/posts\/18304\/revisions\/18306"}],"wp:featuredmedia":[{"embeddable":true,"href":"https:\/\/www.plurinominal.com.mx\/index.php?rest_route=\/wp\/v2\/media\/18305"}],"wp:attachment":[{"href":"https:\/\/www.plurinominal.com.mx\/index.php?rest_route=%2Fwp%2Fv2%2Fmedia&parent=18304"}],"wp:term":[{"taxonomy":"category","embeddable":true,"href":"https:\/\/www.plurinominal.com.mx\/index.php?rest_route=%2Fwp%2Fv2%2Fcategories&post=18304"},{"taxonomy":"post_tag","embeddable":true,"href":"https:\/\/www.plurinominal.com.mx\/index.php?rest_route=%2Fwp%2Fv2%2Ftags&post=18304"}],"curies":[{"name":"wp","href":"https:\/\/api.w.org\/{rel}","templated":true}]}}