{"id":184,"date":"2011-10-31T23:26:03","date_gmt":"2011-10-31T23:26:03","guid":{"rendered":"http:\/\/www.plurinominal.com.mx\/?p=184"},"modified":"2011-11-05T23:27:33","modified_gmt":"2011-11-05T23:27:33","slug":"integrantes-de-%e2%80%9cbryndis%e2%80%9d-otorgaron-reconocimiento-postumo-a-benito-campos-alias-%e2%80%9cel-zague%e2%80%9d","status":"publish","type":"post","link":"https:\/\/www.plurinominal.com.mx\/?p=184","title":{"rendered":"Integrantes de \u201cBryndis\u201d otorgaron reconocimiento p\u00f3stumo a Benito Campos, alias \u201cEl Zague\u201d"},"content":{"rendered":"<p><a href=\"https:\/\/www.plurinominal.com.mx\/wp-content\/uploads\/9-ZAGUE.jpg\"><img loading=\"lazy\" decoding=\"async\" class=\"alignleft size-full wp-image-185\" title=\"9 ZAGUE\" src=\"https:\/\/www.plurinominal.com.mx\/wp-content\/uploads\/9-ZAGUE.jpg\" alt=\"\" width=\"252\" height=\"240\" \/><\/a>Marco Serna<br \/>\nA 3 a\u00f1os y dos meses de la muerte de Benito Campos Pineda, \u2014quien en vida fuera ampliamente conocido como \u201cEl Zague\u201d\u2014, integrantes del grupo \u201cBryndis\u201d liderado por Mauro Posadas, entregaron un reconocimiento a sus familiares.<br \/>\nFue durante la presentaci\u00f3n de su \u00faltimo material que ocurri\u00f3 en la capital potosina, cuando la m\u00e1s famosa agrupaci\u00f3n local convoc\u00f3 a familiares del finado a que acudieran a recibir personalmente el documento hecho a t\u00edtulo p\u00f3stumo.<br \/>\nA pesar de la invitaci\u00f3n fue dif\u00edcil que asistieran, por ellos los propios integrantes del \u201cGrupo que la canta al amor\u201d, se dieron cita en el domicilio de Benito Campos, que se ubica en la intersecci\u00f3n de las calles de Honorato Castillo y Adalberto de \u00c1vila, frente a las instalaciones del archivo municipal.<br \/>\n\u201c25 a\u00f1os cant\u00e1ndole al amor, Grupo Bryndis otorga el presente reconocimiento al joven Benito Campos Pineda, (Q.E.P.D.), gracias por su apoyo durante 25 a\u00f1os de carrera art\u00edstica\u201d, as\u00ed se\u00f1ala el reconocimiento signado por Mauro Posadas, Gerardo Izaguirre, Claudio Pablo Monta\u00f1o, Tony Sol\u00eds, Mauro Posadas Jr; y Freddy Sol\u00eds que contiene fecha primero de octubre.<br \/>\nEl t\u00edtulo se aprecia en el patio del lugar que sirvi\u00f3 de morada al famoso cerritense.<br \/>\n\u201cZague\u201d aun se recuerda en este lugar por su sentido del humor y por ser uno de los principales fans de esa agrupaci\u00f3n que ha llevado muy en alto el nombre de su tierra natal, as\u00ed como tambi\u00e9n el de Villa Ju\u00e1rez.<\/p>\n","protected":false},"excerpt":{"rendered":"<p>Marco Serna A 3 a\u00f1os y dos meses de la muerte de Benito Campos Pineda, \u2014quien en vida fuera ampliamente conocido como \u201cEl Zague\u201d\u2014, integrantes del grupo \u201cBryndis\u201d liderado por&#8230;<\/p>\n","protected":false},"author":1,"featured_media":0,"comment_status":"closed","ping_status":"open","sticky":false,"template":"","format":"standard","meta":{"footnotes":""},"categories":[3,4],"tags":[133,134,132],"class_list":["post-184","post","type-post","status-publish","format-standard","hentry","category-cerritos","category-villa-juarez","tag-benito-campos-pineda","tag-bryndis","tag-zague","entry","simple"],"_links":{"self":[{"href":"https:\/\/www.plurinominal.com.mx\/index.php?rest_route=\/wp\/v2\/posts\/184","targetHints":{"allow":["GET"]}}],"collection":[{"href":"https:\/\/www.plurinominal.com.mx\/index.php?rest_route=\/wp\/v2\/posts"}],"about":[{"href":"https:\/\/www.plurinominal.com.mx\/index.php?rest_route=\/wp\/v2\/types\/post"}],"author":[{"embeddable":true,"href":"https:\/\/www.plurinominal.com.mx\/index.php?rest_route=\/wp\/v2\/users\/1"}],"replies":[{"embeddable":true,"href":"https:\/\/www.plurinominal.com.mx\/index.php?rest_route=%2Fwp%2Fv2%2Fcomments&post=184"}],"version-history":[{"count":0,"href":"https:\/\/www.plurinominal.com.mx\/index.php?rest_route=\/wp\/v2\/posts\/184\/revisions"}],"wp:attachment":[{"href":"https:\/\/www.plurinominal.com.mx\/index.php?rest_route=%2Fwp%2Fv2%2Fmedia&parent=184"}],"wp:term":[{"taxonomy":"category","embeddable":true,"href":"https:\/\/www.plurinominal.com.mx\/index.php?rest_route=%2Fwp%2Fv2%2Fcategories&post=184"},{"taxonomy":"post_tag","embeddable":true,"href":"https:\/\/www.plurinominal.com.mx\/index.php?rest_route=%2Fwp%2Fv2%2Ftags&post=184"}],"curies":[{"name":"wp","href":"https:\/\/api.w.org\/{rel}","templated":true}]}}