{"id":18441,"date":"2023-10-16T20:06:57","date_gmt":"2023-10-17T01:06:57","guid":{"rendered":"https:\/\/www.plurinominal.com.mx\/?p=18441"},"modified":"2023-10-16T20:07:11","modified_gmt":"2023-10-17T01:07:11","slug":"expresion-y-debate","status":"publish","type":"post","link":"https:\/\/www.plurinominal.com.mx\/?p=18441","title":{"rendered":"Expresi\u00f3n y debate"},"content":{"rendered":"<ul>\n<li class=\"western\" style=\"text-align: justify;\">Casa de la Cultura y Biblioteca Municipal invitan a la primera muestra de oratoria \u00abRafael Nieto Compe\u00e1n\u00bb<\/li>\n<\/ul>\n<p class=\"western\" style=\"text-align: justify;\"><span style=\"font-size: 10pt; font-family: 'trebuchet ms', geneva, sans-serif;\"><strong>JOS\u00c9 \u00c1NGEL MTZ.-<\/strong><\/span> La Casa de la Cultura y la Biblioteca Municipal de Cerritos te extienden una cordial invitaci\u00f3n para participar en la Primera Muestra de Oratoria \u00abRafael Nieto Compe\u00e1n\u00bb. Este emocionante evento tiene como objetivo promover la habilidad de la oratoria entre los j\u00f3venes y adultos de la comunidad, ofreciendo una plataforma para expresar ideas y discutir temas relevantes.<\/p>\n<p class=\"western\" style=\"text-align: justify;\">La convocatoria est\u00e1 abierta para hombres y mujeres de nivel medio superior, quienes tendr\u00e1n la opci\u00f3n de recibir asesor\u00eda especializada para la preparaci\u00f3n de sus discursos. Adem\u00e1s, existe una categor\u00eda libre para participantes mayores de 18 a\u00f1os.<\/p>\n<p class=\"western\" style=\"text-align: justify;\">Los temas para la oratoria incluyen cuestiones de relevancia social, como derechos estudiantiles y acceso a la educaci\u00f3n, problem\u00e1ticas migratorias, equidad de g\u00e9nero y el papel de las mujeres en el espacio laboral, as\u00ed como el impacto de la cultura y las artes en la construcci\u00f3n de la sociedad.<\/p>\n<p class=\"western\" style=\"text-align: justify;\">La Primera Muestra de Oratoria \u00abRafael Nieto Compe\u00e1n\u00bb se llevar\u00e1 a cabo el 24 de Octubre de 2023 en las instalaciones de la Casa de Cultura de Cerritos.<\/p>\n<p class=\"western\" style=\"text-align: justify;\">Las inscripciones est\u00e1n abiertas desde la publicaci\u00f3n de esta convocatoria y se pueden realizar en la Biblioteca Municipal hasta el 20 de octubre, en horario de 8:00 a.m. a 3:00 p.m.<\/p>\n<p class=\"western\" style=\"text-align: justify;\">El jurado calificar\u00e1 aspectos como el manejo del discurso, la elocuencia, la expresi\u00f3n corporal, la voz, la calidad del lenguaje, la presentaci\u00f3n y el dominio esc\u00e9nico. La escala de calificaci\u00f3n var\u00eda de 1 a 5, donde 1 representa un desempe\u00f1o deficiente y 5 es un desempe\u00f1o excelente.<\/p>\n<p class=\"western\" style=\"text-align: justify;\">Durante el evento, se llevar\u00e1 a cabo un sorteo para determinar el orden de participaci\u00f3n de los oradores. Cada participante presentar\u00e1 su discurso en una sola ronda en vivo, con una duraci\u00f3n de 3 a 5 minutos.<\/p>\n<p class=\"western\" style=\"text-align: justify;\">Es importante destacar que los participantes deben cumplir con los requisitos establecidos en esta convocatoria, ya que de lo contrario ser\u00e1n descalificados. El cupo est\u00e1 limitado a 12 personas en ambas categor\u00edas, con un m\u00e1ximo de 6 participantes y un m\u00ednimo de 3 en cada una.<\/p>\n<p class=\"western\" style=\"text-align: justify;\">Cualquier aspecto no contemplado en esta convocatoria ser\u00e1 resuelto por el comit\u00e9 organizador del evento. La oratoria es una habilidad valiosa que fomenta la expresi\u00f3n y el debate de ideas, y esta muestra es una oportunidad emocionante para participar y aprender.<\/p>\n","protected":false},"excerpt":{"rendered":"<p>La Casa de la Cultura y la Biblioteca Municipal de Cerritos te extienden una cordial invitaci\u00f3n para participar en la Primera Muestra de Oratoria \u00abRafael Nieto Compe\u00e1n\u00bb. Este emocionante evento tiene como objetivo promover la habilidad de la oratoria entre los j\u00f3venes y adultos de la comunidad, ofreciendo una plataforma para expresar ideas y discutir temas relevantes.<\/p>\n","protected":false},"author":5,"featured_media":18442,"comment_status":"closed","ping_status":"open","sticky":false,"template":"","format":"standard","meta":{"footnotes":""},"categories":[3,483,486,485],"tags":[],"class_list":["post-18441","post","type-post","status-publish","format-standard","has-post-thumbnail","hentry","category-cerritos","category-cultura","category-educacion","category-sociales","entry","simple"],"_links":{"self":[{"href":"https:\/\/www.plurinominal.com.mx\/index.php?rest_route=\/wp\/v2\/posts\/18441","targetHints":{"allow":["GET"]}}],"collection":[{"href":"https:\/\/www.plurinominal.com.mx\/index.php?rest_route=\/wp\/v2\/posts"}],"about":[{"href":"https:\/\/www.plurinominal.com.mx\/index.php?rest_route=\/wp\/v2\/types\/post"}],"author":[{"embeddable":true,"href":"https:\/\/www.plurinominal.com.mx\/index.php?rest_route=\/wp\/v2\/users\/5"}],"replies":[{"embeddable":true,"href":"https:\/\/www.plurinominal.com.mx\/index.php?rest_route=%2Fwp%2Fv2%2Fcomments&post=18441"}],"version-history":[{"count":2,"href":"https:\/\/www.plurinominal.com.mx\/index.php?rest_route=\/wp\/v2\/posts\/18441\/revisions"}],"predecessor-version":[{"id":18444,"href":"https:\/\/www.plurinominal.com.mx\/index.php?rest_route=\/wp\/v2\/posts\/18441\/revisions\/18444"}],"wp:featuredmedia":[{"embeddable":true,"href":"https:\/\/www.plurinominal.com.mx\/index.php?rest_route=\/wp\/v2\/media\/18442"}],"wp:attachment":[{"href":"https:\/\/www.plurinominal.com.mx\/index.php?rest_route=%2Fwp%2Fv2%2Fmedia&parent=18441"}],"wp:term":[{"taxonomy":"category","embeddable":true,"href":"https:\/\/www.plurinominal.com.mx\/index.php?rest_route=%2Fwp%2Fv2%2Fcategories&post=18441"},{"taxonomy":"post_tag","embeddable":true,"href":"https:\/\/www.plurinominal.com.mx\/index.php?rest_route=%2Fwp%2Fv2%2Ftags&post=18441"}],"curies":[{"name":"wp","href":"https:\/\/api.w.org\/{rel}","templated":true}]}}