{"id":18508,"date":"2023-10-25T20:33:26","date_gmt":"2023-10-26T01:33:26","guid":{"rendered":"https:\/\/www.plurinominal.com.mx\/?p=18508"},"modified":"2023-10-31T20:34:49","modified_gmt":"2023-11-01T02:34:49","slug":"residente-corrige-informacion-sobre-el-reloj-de-cerritos","status":"publish","type":"post","link":"https:\/\/www.plurinominal.com.mx\/?p=18508","title":{"rendered":"Residente corrige informaci\u00f3n sobre el reloj de Cerritos"},"content":{"rendered":"<ul>\n<li class=\"western\" style=\"text-align: justify;\">Isidro S\u00e1nchez cuestion\u00f3 la informaci\u00f3n publicada en comunicado oficial<\/li>\n<\/ul>\n<p class=\"western\" style=\"text-align: justify;\"><span style=\"font-size: 10pt; font-family: 'trebuchet ms', geneva, sans-serif;\"><strong>MARCO SERNA.-<\/strong><\/span> El anuncio de que el reloj de Palacio Municipal en Cerritos volvi\u00f3 a funcionar despu\u00e9s de \u00abm\u00e1s de 30 a\u00f1os\u00bb gener\u00f3 controversia debido a la correcci\u00f3n de la informaci\u00f3n proporcionada por un residente local.<\/p>\n<p class=\"western\" style=\"text-align: justify;\">La noticia inicialmente divulgada por el H. Ayuntamiento de Cerritos a trav\u00e9s de su p\u00e1gina oficial de Facebook, celebraba la restauraci\u00f3n del reloj emblem\u00e1tico de la ciudad. Seg\u00fan el comunicado, Gustavo Luna, un especialista en reparaci\u00f3n y mantenimiento de relojes, hab\u00eda logrado poner nuevamente en marcha el reloj que se ubica en la parte superior de Palacio Municipal.<\/p>\n<p class=\"western\" style=\"text-align: justify;\">En el comunicado oficial, se destac\u00f3 la presencia de la Lic. Leticia V\u00e1zquez Hern\u00e1ndez, Presidenta Municipal, la Lic. Lorena Rojas, Cronista Municipal, y el Lic. Nicol\u00e1s Duarte, Secretario Particular, quienes acompa\u00f1aron a Gustavo Luna para presenciar el correcto funcionamiento del reloj.<\/p>\n<p class=\"western\" style=\"text-align: justify;\">Sin embargo, Isidro S\u00e1nchez, un residente local, cuestion\u00f3 la informaci\u00f3n publicada en el comunicado. S\u00e1nchez asegur\u00f3 que el reloj no hab\u00eda estado en silencio durante \u00abm\u00e1s de 30 a\u00f1os\u00bb como se afirmaba, ya que despu\u00e9s del a\u00f1o 2000, la m\u00fasica del reloj segu\u00eda sonando.<\/p>\n<p class=\"western\" style=\"text-align: justify;\">La discrepancia en la informaci\u00f3n llev\u00f3 a la recomendaci\u00f3n de Isidro S\u00e1nchez para que las autoridades investiguen m\u00e1s a fondo la historia del reloj. A pesar de este se\u00f1alamiento, el H. Ayuntamiento de Cerritos expres\u00f3 su agradecimiento por las reparaciones y resalt\u00f3 la importancia de que los cerritenses puedan disfrutar nuevamente de la melod\u00eda del reloj.<\/p>\n","protected":false},"excerpt":{"rendered":"<p>El anuncio de que el reloj de Palacio Municipal en Cerritos volvi\u00f3 a funcionar despu\u00e9s de \u00abm\u00e1s de 30 a\u00f1os\u00bb gener\u00f3 controversia debido a la correcci\u00f3n de la informaci\u00f3n proporcionada por un residente local.<\/p>\n","protected":false},"author":5,"featured_media":18509,"comment_status":"closed","ping_status":"open","sticky":false,"template":"","format":"standard","meta":{"footnotes":""},"categories":[3,483,486,485],"tags":[],"class_list":["post-18508","post","type-post","status-publish","format-standard","has-post-thumbnail","hentry","category-cerritos","category-cultura","category-educacion","category-sociales","entry","simple"],"_links":{"self":[{"href":"https:\/\/www.plurinominal.com.mx\/index.php?rest_route=\/wp\/v2\/posts\/18508","targetHints":{"allow":["GET"]}}],"collection":[{"href":"https:\/\/www.plurinominal.com.mx\/index.php?rest_route=\/wp\/v2\/posts"}],"about":[{"href":"https:\/\/www.plurinominal.com.mx\/index.php?rest_route=\/wp\/v2\/types\/post"}],"author":[{"embeddable":true,"href":"https:\/\/www.plurinominal.com.mx\/index.php?rest_route=\/wp\/v2\/users\/5"}],"replies":[{"embeddable":true,"href":"https:\/\/www.plurinominal.com.mx\/index.php?rest_route=%2Fwp%2Fv2%2Fcomments&post=18508"}],"version-history":[{"count":1,"href":"https:\/\/www.plurinominal.com.mx\/index.php?rest_route=\/wp\/v2\/posts\/18508\/revisions"}],"predecessor-version":[{"id":18510,"href":"https:\/\/www.plurinominal.com.mx\/index.php?rest_route=\/wp\/v2\/posts\/18508\/revisions\/18510"}],"wp:featuredmedia":[{"embeddable":true,"href":"https:\/\/www.plurinominal.com.mx\/index.php?rest_route=\/wp\/v2\/media\/18509"}],"wp:attachment":[{"href":"https:\/\/www.plurinominal.com.mx\/index.php?rest_route=%2Fwp%2Fv2%2Fmedia&parent=18508"}],"wp:term":[{"taxonomy":"category","embeddable":true,"href":"https:\/\/www.plurinominal.com.mx\/index.php?rest_route=%2Fwp%2Fv2%2Fcategories&post=18508"},{"taxonomy":"post_tag","embeddable":true,"href":"https:\/\/www.plurinominal.com.mx\/index.php?rest_route=%2Fwp%2Fv2%2Ftags&post=18508"}],"curies":[{"name":"wp","href":"https:\/\/api.w.org\/{rel}","templated":true}]}}