{"id":18709,"date":"2023-12-01T09:27:00","date_gmt":"2023-12-01T15:27:00","guid":{"rendered":"https:\/\/www.plurinominal.com.mx\/?p=18709"},"modified":"2023-12-22T09:28:43","modified_gmt":"2023-12-22T15:28:43","slug":"robo-de-identidad-en-facebook-usan-foto-de-reportero-para-ofender","status":"publish","type":"post","link":"https:\/\/www.plurinominal.com.mx\/?p=18709","title":{"rendered":"Robo de identidad en Facebook: usan foto de reportero para ofender"},"content":{"rendered":"<ul>\n<li class=\"western\" style=\"text-align: justify;\">El perfil falso se burla de la condici\u00f3n f\u00edsica de una mujer y de un futbolista, adem\u00e1s de insultar al reportero<\/li>\n<\/ul>\n<p class=\"western\" style=\"text-align: justify;\"><span style=\"font-size: 10pt; font-family: 'trebuchet ms', geneva, sans-serif;\"><strong>REDACCI\u00d3N.-<\/strong> <\/span>Un reportero de este medio fue v\u00edctima de un robo de identidad en las redes sociales, al utilizar su imagen para difundir informaci\u00f3n agresiva y publicar comentarios contra otras personas. Una foto suya fue tomada y usada para insultar. Entre los afectados tambi\u00e9n se cuenta a un futbolista local y a una mujer de baja estatura. Los se\u00f1alamientos destacan por un lenguaje vulgar y est\u00e1n lejos de todo profesionalismo period\u00edstico.<\/p>\n<p class=\"western\" style=\"text-align: justify;\">El perfil falso, creado recientemente, se suma a los cientos de perfiles an\u00f3nimos comunitarios que abundan en las redes sociales y que carecen de credibilidad al no conocer al autor. Seg\u00fan expertos, las personas que recurren a esta pr\u00e1ctica suelen tener una reputaci\u00f3n manchada o alg\u00fan inter\u00e9s oculto, por lo que no se atreven a dar la cara y prefieren ofender desde el anonimato.<\/p>\n<p class=\"western\" style=\"text-align: justify;\">Ante esta situaci\u00f3n, el reportero se contact\u00f3 con el perfil falso, al saber que us\u00f3 su foto para ofender, y decidi\u00f3 bloquearlo, pues se supo indefenso contra quien cobardemente se escuda detr\u00e1s de un aparato para ofender a la gente. Sin embargo, tambi\u00e9n pidi\u00f3 a los usuarios de Facebook que reportaran el perfil falso, siguiendo los pasos que ofrece la plataforma para denunciar este tipo de conductas.<\/p>\n<p class=\"western\" style=\"text-align: justify;\">Otras personas que fueron ofendidas por el perfil falso expresaron su indignaci\u00f3n y su intenci\u00f3n de acudir a las autoridades competentes. \u201cHay que reportarlo, hasta de m\u00ed puso, que hasta alta me veo, qu\u00e9 le importa si soy chaparra, as\u00ed estoy bien\u201d, dijo una mujer ofendida. \u201cYo lo report\u00e9 a Facebook, y voy a hablar a la polic\u00eda cibern\u00e9tica\u201d, dijo otro de los afectados.<\/p>\n<p class=\"western\" style=\"text-align: justify;\">El robo de identidad en las redes sociales puede constituir un delito, y puede ser sancionado con multas o incluso con prisi\u00f3n, dependiendo de la entidad federativa donde se procese la denuncia. Adem\u00e1s, los comentarios ofensivos en las redes sociales y blogs pueden constituir acoso cibern\u00e9tico o ciberbullying.<\/p>\n","protected":false},"excerpt":{"rendered":"<p>Un reportero de este medio fue v\u00edctima de un robo de identidad en las redes sociales, al utilizar su imagen para difundir informaci\u00f3n agresiva y publicar comentarios contra otras personas. Una foto suya fue tomada y usada para insultar. Entre los afectados tambi\u00e9n se cuenta a un futbolista local y a una mujer de baja estatura. Los se\u00f1alamientos destacan por un lenguaje vulgar y est\u00e1n lejos de todo profesionalismo period\u00edstico.<\/p>\n","protected":false},"author":5,"featured_media":18710,"comment_status":"closed","ping_status":"open","sticky":false,"template":"","format":"standard","meta":{"footnotes":""},"categories":[3,486,485],"tags":[],"class_list":["post-18709","post","type-post","status-publish","format-standard","has-post-thumbnail","hentry","category-cerritos","category-educacion","category-sociales","entry","simple"],"_links":{"self":[{"href":"https:\/\/www.plurinominal.com.mx\/index.php?rest_route=\/wp\/v2\/posts\/18709","targetHints":{"allow":["GET"]}}],"collection":[{"href":"https:\/\/www.plurinominal.com.mx\/index.php?rest_route=\/wp\/v2\/posts"}],"about":[{"href":"https:\/\/www.plurinominal.com.mx\/index.php?rest_route=\/wp\/v2\/types\/post"}],"author":[{"embeddable":true,"href":"https:\/\/www.plurinominal.com.mx\/index.php?rest_route=\/wp\/v2\/users\/5"}],"replies":[{"embeddable":true,"href":"https:\/\/www.plurinominal.com.mx\/index.php?rest_route=%2Fwp%2Fv2%2Fcomments&post=18709"}],"version-history":[{"count":1,"href":"https:\/\/www.plurinominal.com.mx\/index.php?rest_route=\/wp\/v2\/posts\/18709\/revisions"}],"predecessor-version":[{"id":18711,"href":"https:\/\/www.plurinominal.com.mx\/index.php?rest_route=\/wp\/v2\/posts\/18709\/revisions\/18711"}],"wp:featuredmedia":[{"embeddable":true,"href":"https:\/\/www.plurinominal.com.mx\/index.php?rest_route=\/wp\/v2\/media\/18710"}],"wp:attachment":[{"href":"https:\/\/www.plurinominal.com.mx\/index.php?rest_route=%2Fwp%2Fv2%2Fmedia&parent=18709"}],"wp:term":[{"taxonomy":"category","embeddable":true,"href":"https:\/\/www.plurinominal.com.mx\/index.php?rest_route=%2Fwp%2Fv2%2Fcategories&post=18709"},{"taxonomy":"post_tag","embeddable":true,"href":"https:\/\/www.plurinominal.com.mx\/index.php?rest_route=%2Fwp%2Fv2%2Ftags&post=18709"}],"curies":[{"name":"wp","href":"https:\/\/api.w.org\/{rel}","templated":true}]}}