{"id":18748,"date":"2023-12-01T20:12:51","date_gmt":"2023-12-02T02:12:51","guid":{"rendered":"https:\/\/www.plurinominal.com.mx\/?p=18748"},"modified":"2023-12-26T20:14:48","modified_gmt":"2023-12-27T02:14:48","slug":"mariana-leija-una-joven-promesa-truncada-por-el-destino","status":"publish","type":"post","link":"https:\/\/www.plurinominal.com.mx\/?p=18748","title":{"rendered":"Mariana Leija, una joven promesa truncada por el destino"},"content":{"rendered":"<ul>\n<li class=\"western\" style=\"text-align: justify;\">La joven de 15 a\u00f1os era la \u00fanica mujer que tocaba la corneta en la Banda de Guerra y una ni\u00f1a de muy buen aprovechamiento<\/li>\n<\/ul>\n<p class=\"western\" style=\"text-align: justify;\"><span style=\"font-size: 10pt; font-family: 'trebuchet ms', geneva, sans-serif;\"><strong>MARCO SERNA.-<\/strong> <\/span>La comunidad educativa del Centro de Bachillerato Tecnol\u00f3gico agropecuario No. 123 de Cerritos est\u00e1 de luto por la muerte de una de sus alumnas, Mariana Leija Ontiveros, quien falleci\u00f3 el pasado lunes 27 de noviembre en un accidente automovil\u00edstico.<\/p>\n<p class=\"western\" style=\"text-align: justify;\">Marianita, de 15 a\u00f1os de edad, naci\u00f3 el 12 de marzo de 2008 y cursaba el primer semestre del Grupo F en el CBTA 123. Era la \u00fanica mujer que tocaba la corneta en la Banda de Guerra, e incluso en la p\u00e1gina de Los B\u00fahos se emitieron condolencias. La estudiante tambi\u00e9n era descrita por sus profesores y compa\u00f1eros como una ni\u00f1a de muy buen aprovechamiento.<\/p>\n<p class=\"western\" style=\"text-align: justify;\">El fatal accidente ocurri\u00f3 alrededor de las 8:00 a.m., cuando Mariana viajaba como copiloto en un veh\u00edculo Nissan tsuru color arena, conducido por su t\u00eda, con direcci\u00f3n a Cerritos. Seg\u00fan versiones extraoficiales, la conductora perdi\u00f3 el control del veh\u00edculo por la velocidad, el clima y el mal estado de la carretera libre entre la comunidad de Villar y Monta\u00f1a, a la altura de la empresa de material para construcci\u00f3n Tricesa. Tampoco descartan que un animal pudiera haberse atravesado.<\/p>\n<p class=\"western\" style=\"text-align: justify;\">El veh\u00edculo se sali\u00f3 de la carretera y volc\u00f3, provocando que Mariana sufriera graves lesiones que le causaron la muerte al poco tiempo, mientras que su t\u00eda result\u00f3 con un pron\u00f3stico desalentador.<\/p>\n<p class=\"western\" style=\"text-align: justify;\">Mariana ten\u00eda su domicilio en la comunidad de Estaci\u00f3n Villar, donde se llev\u00f3 a cabo su velaci\u00f3n. Su misa y sepelio fueron este mi\u00e9rcoles 29 de noviembre. Ese mismo d\u00eda, sus compa\u00f1eros de grupo le iban a rendir un homenaje en la escuela, pero se suspendi\u00f3 por coincidir con el funeral. El martes 28 de noviembre, se tom\u00f3 pase de lista y se lanz\u00f3 un globo en su memoria, cuando se escuch\u00f3 su nombre todos los alumnos de Primero F dijeron \u201cpresente\u201d.<\/p>\n<p class=\"western\" style=\"text-align: justify;\">El personal docente, administrativo, manual y alumnos del CBTA 123 expresaron su pesar por el fallecimiento de Mariana, enviando sus condolencias y oraciones a sus familiares y amigos.<\/p>\n<p class=\"western\" style=\"text-align: justify;\">La Banda de Guerra Municipal de Cerritos tambi\u00e9n lament\u00f3 la p\u00e9rdida de la compa\u00f1era bandera y le envi\u00f3 un fuerte abrazo a su familia. Descanse en paz, Marianita.<\/p>\n","protected":false},"excerpt":{"rendered":"<p>La comunidad educativa del Centro de Bachillerato Tecnol\u00f3gico agropecuario No. 123 de Cerritos est\u00e1 de luto por la muerte de una de sus alumnas, Mariana Leija Ontiveros, quien falleci\u00f3 el pasado lunes 27 de noviembre en un accidente automovil\u00edstico.<\/p>\n","protected":false},"author":5,"featured_media":18749,"comment_status":"closed","ping_status":"open","sticky":false,"template":"","format":"standard","meta":{"footnotes":""},"categories":[3,486,465,485],"tags":[],"class_list":["post-18748","post","type-post","status-publish","format-standard","has-post-thumbnail","hentry","category-cerritos","category-educacion","category-policia-2","category-sociales","entry","simple"],"_links":{"self":[{"href":"https:\/\/www.plurinominal.com.mx\/index.php?rest_route=\/wp\/v2\/posts\/18748","targetHints":{"allow":["GET"]}}],"collection":[{"href":"https:\/\/www.plurinominal.com.mx\/index.php?rest_route=\/wp\/v2\/posts"}],"about":[{"href":"https:\/\/www.plurinominal.com.mx\/index.php?rest_route=\/wp\/v2\/types\/post"}],"author":[{"embeddable":true,"href":"https:\/\/www.plurinominal.com.mx\/index.php?rest_route=\/wp\/v2\/users\/5"}],"replies":[{"embeddable":true,"href":"https:\/\/www.plurinominal.com.mx\/index.php?rest_route=%2Fwp%2Fv2%2Fcomments&post=18748"}],"version-history":[{"count":1,"href":"https:\/\/www.plurinominal.com.mx\/index.php?rest_route=\/wp\/v2\/posts\/18748\/revisions"}],"predecessor-version":[{"id":18750,"href":"https:\/\/www.plurinominal.com.mx\/index.php?rest_route=\/wp\/v2\/posts\/18748\/revisions\/18750"}],"wp:featuredmedia":[{"embeddable":true,"href":"https:\/\/www.plurinominal.com.mx\/index.php?rest_route=\/wp\/v2\/media\/18749"}],"wp:attachment":[{"href":"https:\/\/www.plurinominal.com.mx\/index.php?rest_route=%2Fwp%2Fv2%2Fmedia&parent=18748"}],"wp:term":[{"taxonomy":"category","embeddable":true,"href":"https:\/\/www.plurinominal.com.mx\/index.php?rest_route=%2Fwp%2Fv2%2Fcategories&post=18748"},{"taxonomy":"post_tag","embeddable":true,"href":"https:\/\/www.plurinominal.com.mx\/index.php?rest_route=%2Fwp%2Fv2%2Ftags&post=18748"}],"curies":[{"name":"wp","href":"https:\/\/api.w.org\/{rel}","templated":true}]}}