{"id":18830,"date":"2023-12-06T20:23:54","date_gmt":"2023-12-07T02:23:54","guid":{"rendered":"https:\/\/www.plurinominal.com.mx\/?p=18830"},"modified":"2023-12-27T20:26:19","modified_gmt":"2023-12-28T02:26:19","slug":"peligroso-riesgo-ciudadano","status":"publish","type":"post","link":"https:\/\/www.plurinominal.com.mx\/?p=18830","title":{"rendered":"Peligroso riesgo ciudadano:"},"content":{"rendered":"<ul>\n<li class=\"western\" style=\"text-align: justify;\">La amenaza de una rampa frente a dulcer\u00eda<\/li>\n<\/ul>\n<p class=\"western\" style=\"text-align: justify;\"><span style=\"font-size: 10pt; font-family: 'trebuchet ms', geneva, sans-serif;\"><strong>MARCO SERNA.-<\/strong> <\/span>Vecinos de la zona han expresado su preocupaci\u00f3n ante una rampa o \u201cembarcadero\u201d ubicado frente a dulcer\u00eda, se\u00f1alando que representa un peligro inminente para los ciudadanos. Seg\u00fan testimonios, varias personas, especialmente ni\u00f1os, han sufrido ca\u00eddas en este lugar, generando una creciente inquietud.<\/p>\n<p class=\"western\" style=\"text-align: justify;\">La construcci\u00f3n, aparentemente destinada a facilitar el acceso a personas con discapacidad, ha resultado contraproducente debido a su pronunciada inclinaci\u00f3n. Residentes locales han cuestionado la idoneidad del constructor, sugiriendo que podr\u00eda haber estado bajo la influencia del alcohol durante la obra, lo que afect\u00f3 la calidad y seguridad de la estructura.<\/p>\n<p class=\"western\" style=\"text-align: justify;\">Ciudadanos han expresado su frustraci\u00f3n, indicando que la rampa, ubicada de manera inapropiada en la bajada de la banqueta, dificulta el paso y presenta riesgos evidentes. Testigos afirman que el dise\u00f1o es tan deficiente que ni siquiera una silla de ruedas podr\u00eda transitar por ella de manera segura.<\/p>\n<p class=\"western\" style=\"text-align: justify;\">Se ha revelado que la construcci\u00f3n de esta controvertida rampa est\u00e1 vinculada a disputas entre los propietarios y un comerciante. Ante esta situaci\u00f3n, se plantea la intervenci\u00f3n de autoridades competentes, como Protecci\u00f3n Civil, Desarrollo Econ\u00f3mico o Desarrollo Urbano, para abordar la amenaza que representa la estructura. Adem\u00e1s, la obstrucci\u00f3n de la banqueta en una zona considerada patrimonio municipal a\u00f1ade un componente adicional a la problem\u00e1tica.<\/p>\n","protected":false},"excerpt":{"rendered":"<p>Vecinos de la zona han expresado su preocupaci\u00f3n ante una rampa o \u201cembarcadero\u201d ubicado frente a dulcer\u00eda, se\u00f1alando que representa un peligro inminente para los ciudadanos. Seg\u00fan testimonios, varias personas, especialmente ni\u00f1os, han sufrido ca\u00eddas en este lugar, generando una creciente inquietud.<\/p>\n","protected":false},"author":5,"featured_media":18831,"comment_status":"closed","ping_status":"open","sticky":false,"template":"","format":"standard","meta":{"footnotes":""},"categories":[3,483,486,485],"tags":[],"class_list":["post-18830","post","type-post","status-publish","format-standard","has-post-thumbnail","hentry","category-cerritos","category-cultura","category-educacion","category-sociales","entry","simple"],"_links":{"self":[{"href":"https:\/\/www.plurinominal.com.mx\/index.php?rest_route=\/wp\/v2\/posts\/18830","targetHints":{"allow":["GET"]}}],"collection":[{"href":"https:\/\/www.plurinominal.com.mx\/index.php?rest_route=\/wp\/v2\/posts"}],"about":[{"href":"https:\/\/www.plurinominal.com.mx\/index.php?rest_route=\/wp\/v2\/types\/post"}],"author":[{"embeddable":true,"href":"https:\/\/www.plurinominal.com.mx\/index.php?rest_route=\/wp\/v2\/users\/5"}],"replies":[{"embeddable":true,"href":"https:\/\/www.plurinominal.com.mx\/index.php?rest_route=%2Fwp%2Fv2%2Fcomments&post=18830"}],"version-history":[{"count":1,"href":"https:\/\/www.plurinominal.com.mx\/index.php?rest_route=\/wp\/v2\/posts\/18830\/revisions"}],"predecessor-version":[{"id":18832,"href":"https:\/\/www.plurinominal.com.mx\/index.php?rest_route=\/wp\/v2\/posts\/18830\/revisions\/18832"}],"wp:featuredmedia":[{"embeddable":true,"href":"https:\/\/www.plurinominal.com.mx\/index.php?rest_route=\/wp\/v2\/media\/18831"}],"wp:attachment":[{"href":"https:\/\/www.plurinominal.com.mx\/index.php?rest_route=%2Fwp%2Fv2%2Fmedia&parent=18830"}],"wp:term":[{"taxonomy":"category","embeddable":true,"href":"https:\/\/www.plurinominal.com.mx\/index.php?rest_route=%2Fwp%2Fv2%2Fcategories&post=18830"},{"taxonomy":"post_tag","embeddable":true,"href":"https:\/\/www.plurinominal.com.mx\/index.php?rest_route=%2Fwp%2Fv2%2Ftags&post=18830"}],"curies":[{"name":"wp","href":"https:\/\/api.w.org\/{rel}","templated":true}]}}