{"id":18869,"date":"2023-12-24T23:01:03","date_gmt":"2023-12-25T05:01:03","guid":{"rendered":"https:\/\/www.plurinominal.com.mx\/?p=18869"},"modified":"2023-12-30T23:02:52","modified_gmt":"2023-12-31T05:02:52","slug":"paisano-pide-jalon-de-orejas-a-choferes-de-transportes-chavez","status":"publish","type":"post","link":"https:\/\/www.plurinominal.com.mx\/?p=18869","title":{"rendered":"Paisano pide \u201cjal\u00f3n de orejas\u201d a choferes de Transportes Ch\u00e1vez"},"content":{"rendered":"<ul>\n<li class=\"western\" style=\"text-align: justify;\">Exceden l\u00edmites de velocidad y han estado a punto de causar m\u00e1s accidentes<\/li>\n<\/ul>\n<p class=\"western\" style=\"text-align: justify;\"><span style=\"font-size: 10pt; font-family: 'trebuchet ms', geneva, sans-serif;\"><strong>MARCO SERNA.-<\/strong> <\/span>Al conocerse del lamentable suceso ocurrido la noche del jueves 21 de diciembre en el kil\u00f3metro 109 de la Carretera 57, en el tramo Matehuala a Saltillo, donde un autob\u00fas de la empresa Transportes Ch\u00e1vez choc\u00f3 con un tr\u00e1iler cargado de papa, un paisano record\u00f3 otro incidente de la misma empresa.<\/p>\n<p class=\"western\" style=\"text-align: justify;\">Jos\u00e9 Luis Mart\u00ednez, conocido como \u00abEl Torton\u00bb, quien viajaba en uno de los viajes anteriores de la misma l\u00ednea, expres\u00f3 a Plurinominal su preocupaci\u00f3n respecto a la responsabilidad de los conductores.<\/p>\n<p class=\"western\" style=\"text-align: justify;\">Mart\u00ednez previamente hab\u00eda presentado quejas sobre la imprudencia de algunos choferes de la empresa. Relat\u00f3 un incidente en el que el conductor, aparentemente fatigado, exced\u00eda los l\u00edmites de velocidad y se sali\u00f3 del camino en dos ocasiones durante un viaje a Houston, Texas. Sin embargo, al presentar la queja en Houston, le indicaron que la responsabilidad reca\u00eda en la sede de Rioverde.<\/p>\n<p class=\"western\" style=\"text-align: justify;\">Este incidente reaviva la importancia de la seguridad vial y la responsabilidad de los conductores de autobuses.<\/p>\n<p class=\"western\" style=\"text-align: justify;\">Es esencial que las empresas de transporte tomen medidas preventivas para garantizar la seguridad de los pasajeros, pero sobre todo, que los directivos de Transportes Ch\u00e1vez le den su jal\u00f3n de orejas a los choferes.<\/p>\n","protected":false},"excerpt":{"rendered":"<p>Al conocerse del lamentable suceso ocurrido la noche del jueves 21 de diciembre en el kil\u00f3metro 109 de la Carretera 57, en el tramo Matehuala a Saltillo, donde un autob\u00fas de la empresa Transportes Ch\u00e1vez choc\u00f3 con un tr\u00e1iler cargado de papa, un paisano record\u00f3 otro incidente de la misma empresa.<\/p>\n","protected":false},"author":5,"featured_media":18870,"comment_status":"closed","ping_status":"open","sticky":false,"template":"","format":"standard","meta":{"footnotes":""},"categories":[3,486,465,485],"tags":[],"class_list":["post-18869","post","type-post","status-publish","format-standard","has-post-thumbnail","hentry","category-cerritos","category-educacion","category-policia-2","category-sociales","entry","simple"],"_links":{"self":[{"href":"https:\/\/www.plurinominal.com.mx\/index.php?rest_route=\/wp\/v2\/posts\/18869","targetHints":{"allow":["GET"]}}],"collection":[{"href":"https:\/\/www.plurinominal.com.mx\/index.php?rest_route=\/wp\/v2\/posts"}],"about":[{"href":"https:\/\/www.plurinominal.com.mx\/index.php?rest_route=\/wp\/v2\/types\/post"}],"author":[{"embeddable":true,"href":"https:\/\/www.plurinominal.com.mx\/index.php?rest_route=\/wp\/v2\/users\/5"}],"replies":[{"embeddable":true,"href":"https:\/\/www.plurinominal.com.mx\/index.php?rest_route=%2Fwp%2Fv2%2Fcomments&post=18869"}],"version-history":[{"count":1,"href":"https:\/\/www.plurinominal.com.mx\/index.php?rest_route=\/wp\/v2\/posts\/18869\/revisions"}],"predecessor-version":[{"id":18871,"href":"https:\/\/www.plurinominal.com.mx\/index.php?rest_route=\/wp\/v2\/posts\/18869\/revisions\/18871"}],"wp:featuredmedia":[{"embeddable":true,"href":"https:\/\/www.plurinominal.com.mx\/index.php?rest_route=\/wp\/v2\/media\/18870"}],"wp:attachment":[{"href":"https:\/\/www.plurinominal.com.mx\/index.php?rest_route=%2Fwp%2Fv2%2Fmedia&parent=18869"}],"wp:term":[{"taxonomy":"category","embeddable":true,"href":"https:\/\/www.plurinominal.com.mx\/index.php?rest_route=%2Fwp%2Fv2%2Fcategories&post=18869"},{"taxonomy":"post_tag","embeddable":true,"href":"https:\/\/www.plurinominal.com.mx\/index.php?rest_route=%2Fwp%2Fv2%2Ftags&post=18869"}],"curies":[{"name":"wp","href":"https:\/\/api.w.org\/{rel}","templated":true}]}}