{"id":18898,"date":"2024-01-07T19:34:52","date_gmt":"2024-01-08T01:34:52","guid":{"rendered":"https:\/\/www.plurinominal.com.mx\/?p=18898"},"modified":"2024-01-08T19:36:44","modified_gmt":"2024-01-09T01:36:44","slug":"que-pasa-en-la-primaria-rafael-nieto","status":"publish","type":"post","link":"https:\/\/www.plurinominal.com.mx\/?p=18898","title":{"rendered":"\u00bfQu\u00e9 pasa en la primaria Rafael Nieto?"},"content":{"rendered":"<ul>\n<li class=\"western\" style=\"text-align: justify;\">La escuela carece de profesores, sin embargo no hay ning\u00fan profesor dado de baja y la plantilla aparece completa<\/li>\n<\/ul>\n<p class=\"western\" style=\"text-align: justify;\"><span style=\"font-size: 10pt; font-family: 'trebuchet ms', geneva, sans-serif;\"><strong>MARCO SERNA.- <\/strong><\/span>La escuela primaria Rafael Nieto, atraviesa por una grave crisis educativa debido a la falta de maestros que afecta a varios grupos desde el inicio del ciclo escolar. Los padres de familia, inconformes con la situaci\u00f3n, han realizado diversas protestas para exigir una soluci\u00f3n inmediata a las autoridades educativas.<\/p>\n<p class=\"western\" style=\"text-align: justify;\">Seg\u00fan la alcaldesa de Cerritos, Ma. Leticia V\u00e1zquez Hern\u00e1ndez, quien fue entrevistada por Plurinominal, la responsabilidad de resolver el problema recae en el director de la escuela, quien debe gestionar ante el Sistema Educativo Estatal Regular (SEER) la asignaci\u00f3n de los docentes que hacen falta. La funcionaria municipal se\u00f1al\u00f3 que, seg\u00fan le informaron en la capital del estado, la plantilla docente de la escuela aparece completa, es decir, no se han dado de baja a los maestros que se jubilaron o que tienen licencia. Sin embargo, asegur\u00f3 que el pasado viernes 5 de enero acudieron a la escuela el supervisor y el jefe de sector para revisar y enmendar la situaci\u00f3n.<\/p>\n<p class=\"western\" style=\"text-align: justify;\">Por su parte, un profesor que pertenece al Sindicato Nacional de Trabajadores de la Educaci\u00f3n (SNTE), y que prefiri\u00f3 mantener su nombre en el anonimato, explic\u00f3 que el problema puede deberse a que no se han cubierto las vacantes generadas por los maestros que solicitaron su permiso prejubilatorio o que se ausentaron por alg\u00fan motivo. El docente indic\u00f3 que, en estos casos, el SEER debe enviar a otros maestros para sustituirlos, sin afectar a los que ya est\u00e1n en la escuela, y que no se debe dejar sin atenci\u00f3n a los alumnos.<\/p>\n<p class=\"western\" style=\"text-align: justify;\">Mientras tanto, los padres de familia de la escuela Rafael Nieto contin\u00faan manifestando su descontento y su preocupaci\u00f3n por la calidad educativa de sus hijos. La semana pasada, realizaron una protesta frente a la escuela, portando carteles con mensajes dirigidos al gobernador Ricardo Gallardo Cardona, en los que le reclamaban la falta de maestros. Los manifestantes permanecieron por alrededor de cuatro horas, exigiendo un maestro para cada aula. Adem\u00e1s, amenazaron con realizar otra protesta este lunes 8 de enero, si no se atend\u00eda su demanda.<\/p>\n<p class=\"western\" style=\"text-align: justify;\">Para el domingo 7 de enero en la noche, se dec\u00eda que los pap\u00e1s hab\u00edan sido avisados de que habr\u00eda una soluci\u00f3n a este problema, donde pudieron actuar en complicidad tanto los profesores como el director.<\/p>\n","protected":false},"excerpt":{"rendered":"<p>La escuela primaria Rafael Nieto, atraviesa por una grave crisis educativa debido a la falta de maestros que afecta a varios grupos desde el inicio del ciclo escolar. Los padres de familia, inconformes con la situaci\u00f3n, han realizado diversas protestas para exigir una soluci\u00f3n inmediata a las autoridades educativas.<\/p>\n","protected":false},"author":5,"featured_media":18899,"comment_status":"closed","ping_status":"open","sticky":false,"template":"","format":"standard","meta":{"footnotes":""},"categories":[3,486,485],"tags":[],"class_list":["post-18898","post","type-post","status-publish","format-standard","has-post-thumbnail","hentry","category-cerritos","category-educacion","category-sociales","entry","simple"],"_links":{"self":[{"href":"https:\/\/www.plurinominal.com.mx\/index.php?rest_route=\/wp\/v2\/posts\/18898","targetHints":{"allow":["GET"]}}],"collection":[{"href":"https:\/\/www.plurinominal.com.mx\/index.php?rest_route=\/wp\/v2\/posts"}],"about":[{"href":"https:\/\/www.plurinominal.com.mx\/index.php?rest_route=\/wp\/v2\/types\/post"}],"author":[{"embeddable":true,"href":"https:\/\/www.plurinominal.com.mx\/index.php?rest_route=\/wp\/v2\/users\/5"}],"replies":[{"embeddable":true,"href":"https:\/\/www.plurinominal.com.mx\/index.php?rest_route=%2Fwp%2Fv2%2Fcomments&post=18898"}],"version-history":[{"count":1,"href":"https:\/\/www.plurinominal.com.mx\/index.php?rest_route=\/wp\/v2\/posts\/18898\/revisions"}],"predecessor-version":[{"id":18900,"href":"https:\/\/www.plurinominal.com.mx\/index.php?rest_route=\/wp\/v2\/posts\/18898\/revisions\/18900"}],"wp:featuredmedia":[{"embeddable":true,"href":"https:\/\/www.plurinominal.com.mx\/index.php?rest_route=\/wp\/v2\/media\/18899"}],"wp:attachment":[{"href":"https:\/\/www.plurinominal.com.mx\/index.php?rest_route=%2Fwp%2Fv2%2Fmedia&parent=18898"}],"wp:term":[{"taxonomy":"category","embeddable":true,"href":"https:\/\/www.plurinominal.com.mx\/index.php?rest_route=%2Fwp%2Fv2%2Fcategories&post=18898"},{"taxonomy":"post_tag","embeddable":true,"href":"https:\/\/www.plurinominal.com.mx\/index.php?rest_route=%2Fwp%2Fv2%2Ftags&post=18898"}],"curies":[{"name":"wp","href":"https:\/\/api.w.org\/{rel}","templated":true}]}}