{"id":189,"date":"2011-10-27T23:28:34","date_gmt":"2011-10-27T23:28:34","guid":{"rendered":"http:\/\/www.plurinominal.com.mx\/?p=189"},"modified":"2011-11-05T23:29:22","modified_gmt":"2011-11-05T23:29:22","slug":"organizaciones-campesinas-de-la-region-firmaron-convenio-con-instituciones-educativas-y-de-investigacion","status":"publish","type":"post","link":"https:\/\/www.plurinominal.com.mx\/?p=189","title":{"rendered":"Organizaciones Campesinas de la Regi\u00f3n firmaron convenio con Instituciones educativas y de investigaci\u00f3n"},"content":{"rendered":"<p>Ma. del Carmen V.<br \/>\nEl pasado mi\u00e9rcoles 26 de octubre, se llev\u00f3 a cabo la firma del convenio entre Organizaciones Campesinas de la Regi\u00f3n con Instituciones de Educaci\u00f3n y de Investigaci\u00f3n en el Estado.<br \/>\nEn el auditorio municipal se realiz\u00f3 la exposici\u00f3n sobre \u201cFertilidad y manejo de suelos\u201d.<br \/>\nAs\u00ed fue como dio inicio un programa de capacitaci\u00f3n a alumnos del Centro de Bachillerato Tecnol\u00f3gico Agropecuario 123.<br \/>\nTambi\u00e9n participaron alumnos de la Universidad Intercultural de Cerritos con el tema de \u201cMuestreo y an\u00e1lisis de suelos agr\u00edcolas\u201d, esto con el objetivo de capacitar a los alumnos para su participaci\u00f3n en el proyecto de \u201cReconversi\u00f3n tecnol\u00f3gica y productiva\u201d en la regi\u00f3n.<br \/>\nEn la firma del convenio, participaron adem\u00e1s el Instituto Potosino de Investigaci\u00f3n  Ciencia y Tecnolog\u00eda (IPICYT), la Secretar\u00eda de Educaci\u00f3n del Gobierno del Estado y la Universidad Aut\u00f3noma de San Luis Potos\u00ed.<br \/>\nA este proyecto se integrar\u00e1n alumnos del CBTA 123 y de la Universidad Intercultural dirigidos por un t\u00e9cnico para realizar la toma de muestreo de suelos en las parcelas agr\u00edcolas de la comunidad.<br \/>\nLos resultados de los an\u00e1lisis permitir\u00e1n definir el proyecto t\u00e9cnico para recuperar la fertilidad y manejo de los suelos agr\u00edcolas y aplicar los fertilizantes y mejoradores que permitan desarrollar una agricultura de conservaci\u00f3n, lo que fomentar\u00e1 mejores niveles y rentabilidad en la producci\u00f3n de cultivos agr\u00edcolas de ma\u00edz y sorgo.<br \/>\nTambi\u00e9n se impartir\u00e1n otros cursos de capacitaci\u00f3n a ingenieros y t\u00e9cnicos interesados en participar, as\u00ed como a productores agr\u00edcolas de la regi\u00f3n e hijos de \u00e9stos.<br \/>\nEn entrevista, el Ingeniero Gerardo Lim\u00f3n Montelongo dijo que se ver\u00e1n beneficiadas organizaciones y productores con la entrega de maquinaria y equipo agr\u00edcola como tractores, subsuelos, sembradoras de agricultura de conservaci\u00f3n y aspersoras, que previamente fueron solicitadas por campesinos.<br \/>\nA\u00f1adi\u00f3 que los insumos agr\u00edcolas favorecer\u00e1n a productores de los municipios de Cerritos, Villa Ju\u00e1rez y parte de Guadalc\u00e1zar.<br \/>\nTambi\u00e9n dijo que para la entrega se podr\u00eda contar con la presencia del gobernador del estado Dr. Fernando Toranzo Fern\u00e1ndez, pero falta que confirme su asistencia.<br \/>\nLos implementos consisten en 20 multiarados del subsuelo, nueve sembradoras de labranza y se espera la llegada de algunos tractores.<br \/>\nNazario Ibarra Arg\u00fcello, \u2014campesino adherido a la organizaci\u00f3n\u2014 se\u00f1al\u00f3 que en cada implemento el beneficiario solamente paga el 50% y el gobierno cubre la otra mitad, en cambio en tractores el apoyo es de 150,000 pesos.<br \/>\nReconoci\u00f3 que hace aproximadamente un a\u00f1o se entregaron aspersoras y sembradoras agr\u00edcolas en el sal\u00f3n \u201cConcordia\u201d.<br \/>\nRefiri\u00f3 que esa ocasi\u00f3n estuvo presente Fernando P\u00e9rez Espinoza, \u2014mejor conocido como \u00abCalolo\u00bb\u2014, Presidente Estatal del Partido Revolucionario Institucional.<br \/>\nEn el acto, aparte del dirigente de las Organizaciones Campesinas de la Regi\u00f3n, estuvieron presentes el Ingeniero Mardonio S\u00e1nchez Ram\u00edrez, Director de la Universidad Intercultural del Colegio de Educaci\u00f3n Superior de Cerritos, el Profesor Benigno Gonz\u00e1lez Garc\u00eda, catedr\u00e1tico del CBTA 123 y como expositor el Ingeniero \u00d3scar Posadas B\u00e1ez, especialista en fertilidad y manejo de suelos. <\/p>\n","protected":false},"excerpt":{"rendered":"<p>Ma. del Carmen V. El pasado mi\u00e9rcoles 26 de octubre, se llev\u00f3 a cabo la firma del convenio entre Organizaciones Campesinas de la Regi\u00f3n con Instituciones de Educaci\u00f3n y de&#8230;<\/p>\n","protected":false},"author":1,"featured_media":0,"comment_status":"closed","ping_status":"open","sticky":false,"template":"","format":"standard","meta":{"footnotes":""},"categories":[3],"tags":[138,137],"class_list":["post-189","post","type-post","status-publish","format-standard","hentry","category-cerritos","tag-fertilidad-y-manejo-de-suelos","tag-ipicyt","entry","simple"],"_links":{"self":[{"href":"https:\/\/www.plurinominal.com.mx\/index.php?rest_route=\/wp\/v2\/posts\/189","targetHints":{"allow":["GET"]}}],"collection":[{"href":"https:\/\/www.plurinominal.com.mx\/index.php?rest_route=\/wp\/v2\/posts"}],"about":[{"href":"https:\/\/www.plurinominal.com.mx\/index.php?rest_route=\/wp\/v2\/types\/post"}],"author":[{"embeddable":true,"href":"https:\/\/www.plurinominal.com.mx\/index.php?rest_route=\/wp\/v2\/users\/1"}],"replies":[{"embeddable":true,"href":"https:\/\/www.plurinominal.com.mx\/index.php?rest_route=%2Fwp%2Fv2%2Fcomments&post=189"}],"version-history":[{"count":0,"href":"https:\/\/www.plurinominal.com.mx\/index.php?rest_route=\/wp\/v2\/posts\/189\/revisions"}],"wp:attachment":[{"href":"https:\/\/www.plurinominal.com.mx\/index.php?rest_route=%2Fwp%2Fv2%2Fmedia&parent=189"}],"wp:term":[{"taxonomy":"category","embeddable":true,"href":"https:\/\/www.plurinominal.com.mx\/index.php?rest_route=%2Fwp%2Fv2%2Fcategories&post=189"},{"taxonomy":"post_tag","embeddable":true,"href":"https:\/\/www.plurinominal.com.mx\/index.php?rest_route=%2Fwp%2Fv2%2Ftags&post=189"}],"curies":[{"name":"wp","href":"https:\/\/api.w.org\/{rel}","templated":true}]}}