{"id":18907,"date":"2023-12-28T19:49:24","date_gmt":"2023-12-29T01:49:24","guid":{"rendered":"https:\/\/www.plurinominal.com.mx\/?p=18907"},"modified":"2024-01-08T19:50:53","modified_gmt":"2024-01-09T01:50:53","slug":"presentaran-libro-de-superacion-personal","status":"publish","type":"post","link":"https:\/\/www.plurinominal.com.mx\/?p=18907","title":{"rendered":"Presentar\u00e1n libro de superaci\u00f3n personal"},"content":{"rendered":"<ul>\n<li class=\"western\" style=\"text-align: justify;\">El autor cerritense J. Gerardo Mart\u00ednez Sifuentes revela c\u00f3mo tener \u00e9xito en la vida<\/li>\n<\/ul>\n<p class=\"western\" style=\"text-align: justify;\"><span style=\"font-size: 10pt; font-family: 'trebuchet ms', geneva, sans-serif;\"><strong>JOS\u00c9 \u00c1NGEL MTZ.-<\/strong><\/span> El Honorable Ayuntamiento de Cerritos invita a la presentaci\u00f3n del libro \u201cRevelaciones para el \u00e9xito en la vida\u201d, del autor cerritense J. Gerardo Mart\u00ednez Sifuentes, que se realizar\u00e1 el domingo 31 de diciembre a las 12:00 p.m. en la Casa de la Cultura.<\/p>\n<p class=\"western\" style=\"text-align: justify;\">El libro es una obra de superaci\u00f3n personal que ofrece consejos y reflexiones para alcanzar el \u00e9xito en todos los \u00e1mbitos de la vida, basados en la experiencia y el conocimiento del autor.<\/p>\n<p class=\"western\" style=\"text-align: justify;\">Mart\u00ednez Sifuentes compartir\u00e1 con los asistentes las claves para desarrollar una mentalidad positiva, una actitud proactiva, una visi\u00f3n clara de los objetivos, una estrategia efectiva, una disciplina constante y una pasi\u00f3n por lo que se hace.<\/p>\n<p class=\"western\" style=\"text-align: justify;\">El libro tambi\u00e9n aborda temas como la autoestima y la comunicaci\u00f3n.<\/p>\n<p class=\"western\" style=\"text-align: justify;\">El evento contar\u00e1 con la presencia de amantes de la lectura, escritores locales y autoridades municipales, quienes acompa\u00f1ar\u00e1n al autor para dar una rese\u00f1a del libro y dialogar con el p\u00fablico.<\/p>\n<p class=\"western\" style=\"text-align: justify;\">La entrada es libre y gratuita, y se espera una gran asistencia de personas interesadas en mejorar su calidad de vida y lograr sus sue\u00f1os.<\/p>\n","protected":false},"excerpt":{"rendered":"<p>El Honorable Ayuntamiento de Cerritos invita a la presentaci\u00f3n del libro \u201cRevelaciones para el \u00e9xito en la vida\u201d, del autor cerritense J. Gerardo Mart\u00ednez Sifuentes, que se realizar\u00e1 el domingo 31 de diciembre a las 12:00 p.m. en la Casa de la Cultura.<\/p>\n","protected":false},"author":5,"featured_media":18908,"comment_status":"closed","ping_status":"open","sticky":false,"template":"","format":"standard","meta":{"footnotes":""},"categories":[3,483,486,485],"tags":[],"class_list":["post-18907","post","type-post","status-publish","format-standard","has-post-thumbnail","hentry","category-cerritos","category-cultura","category-educacion","category-sociales","entry","simple"],"_links":{"self":[{"href":"https:\/\/www.plurinominal.com.mx\/index.php?rest_route=\/wp\/v2\/posts\/18907","targetHints":{"allow":["GET"]}}],"collection":[{"href":"https:\/\/www.plurinominal.com.mx\/index.php?rest_route=\/wp\/v2\/posts"}],"about":[{"href":"https:\/\/www.plurinominal.com.mx\/index.php?rest_route=\/wp\/v2\/types\/post"}],"author":[{"embeddable":true,"href":"https:\/\/www.plurinominal.com.mx\/index.php?rest_route=\/wp\/v2\/users\/5"}],"replies":[{"embeddable":true,"href":"https:\/\/www.plurinominal.com.mx\/index.php?rest_route=%2Fwp%2Fv2%2Fcomments&post=18907"}],"version-history":[{"count":1,"href":"https:\/\/www.plurinominal.com.mx\/index.php?rest_route=\/wp\/v2\/posts\/18907\/revisions"}],"predecessor-version":[{"id":18909,"href":"https:\/\/www.plurinominal.com.mx\/index.php?rest_route=\/wp\/v2\/posts\/18907\/revisions\/18909"}],"wp:featuredmedia":[{"embeddable":true,"href":"https:\/\/www.plurinominal.com.mx\/index.php?rest_route=\/wp\/v2\/media\/18908"}],"wp:attachment":[{"href":"https:\/\/www.plurinominal.com.mx\/index.php?rest_route=%2Fwp%2Fv2%2Fmedia&parent=18907"}],"wp:term":[{"taxonomy":"category","embeddable":true,"href":"https:\/\/www.plurinominal.com.mx\/index.php?rest_route=%2Fwp%2Fv2%2Fcategories&post=18907"},{"taxonomy":"post_tag","embeddable":true,"href":"https:\/\/www.plurinominal.com.mx\/index.php?rest_route=%2Fwp%2Fv2%2Ftags&post=18907"}],"curies":[{"name":"wp","href":"https:\/\/api.w.org\/{rel}","templated":true}]}}