{"id":18925,"date":"2024-01-02T13:50:35","date_gmt":"2024-01-02T19:50:35","guid":{"rendered":"https:\/\/www.plurinominal.com.mx\/?p=18925"},"modified":"2024-01-13T13:52:59","modified_gmt":"2024-01-13T19:52:59","slug":"de-maestro-a-leyenda","status":"publish","type":"post","link":"https:\/\/www.plurinominal.com.mx\/?p=18925","title":{"rendered":"De maestro a leyenda:"},"content":{"rendered":"<ul>\n<li class=\"western\" style=\"text-align: justify;\">Maximino Franco y la pionera secundaria no. 7 de Cerritos<\/li>\n<\/ul>\n<p class=\"western\" style=\"text-align: justify;\"><span style=\"font-size: 10pt; font-family: 'trebuchet ms', geneva, sans-serif;\"><strong>MARCO SERNA.-<\/strong> <\/span>En un emotivo acto de reconocimiento, un grupo de exalumnos se reuni\u00f3 para rendir homenaje al distinguido educador, el Maestro Maximino Franco Franco, fundador de la Escuela Secundaria del Magisterio No. 7 \u00abIgnacio Ram\u00edrez\u00bb. Este evento, encabezado por el Dr. Adri\u00e1n Pesina Zamarripa y organizado por el Dr. Juan Mac\u00edas Oviedo, se convirti\u00f3 en una oportunidad para recordar la valiosa contribuci\u00f3n del maestro Franco a la educaci\u00f3n en la regi\u00f3n.<\/p>\n<p class=\"western\" style=\"text-align: justify;\">La Escuela Secundaria del Magisterio No. 7, fundada en 1952, marc\u00f3 un hito en la historia educativa de Cerritos, siendo la primera instituci\u00f3n de nivel medio b\u00e1sico en el municipio. La iniciativa y dedicaci\u00f3n del Maestro Maximino Franco Franco fueron fundamentales para convertir este sue\u00f1o en realidad. Su labor incansable reflej\u00f3 su profundo compromiso con el desarrollo educativo de la comunidad, y su visi\u00f3n futurista abri\u00f3 las puertas de oportunidad para numerosas generaciones de j\u00f3venes cerritenses.<\/p>\n<p class=\"western\" style=\"text-align: justify;\">El contexto de la d\u00e9cada de los 50 en M\u00e9xico revela la importancia de la creaci\u00f3n de instituciones educativas en respuesta a la creciente demanda de personal calificado en el periodo de desarrollo estabilizador. La apertura de la Escuela Secundaria del Magisterio No. 7 no solo contribuy\u00f3 a suplir esta necesidad, sino que tambi\u00e9n se convirti\u00f3 en un agente de movilidad social al ofrecer a los estudiantes una v\u00eda para alcanzar estudios superiores y desarrollarse profesionalmente.<\/p>\n<p class=\"western\" style=\"text-align: justify;\">La figura del Maestro Maximino Franco perdura en la memoria colectiva como un educador comprometido y visionario. Su influencia trascendi\u00f3 las aulas, llegando a orientar no solo en la instrucci\u00f3n acad\u00e9mica, sino tambi\u00e9n en la formaci\u00f3n integral de los estudiantes. Su disciplina y valores dejaron una huella imborrable en aquellos que tuvieron el privilegio de ser parte de su comunidad estudiantil.<\/p>\n<p class=\"western\" style=\"text-align: justify;\">A lo largo de m\u00e1s de una d\u00e9cada al frente de la Escuela Secundaria del Magisterio No. 7, el Maestro Franco demostr\u00f3 una dedicaci\u00f3n extraordinaria. Recordado por su formalidad y compromiso, se convert\u00eda en un referente para los estudiantes, inst\u00e1ndolos a evitar distracciones que pudieran afectar su formaci\u00f3n. Su salida puntual del Hotel Central cada ma\u00f1ana para verificar el inicio de las actividades escolares es una imagen viva en la memoria de quienes tuvieron el honor de ser sus alumnos.<\/p>\n<p class=\"western\" style=\"text-align: justify;\">La creaci\u00f3n de la escuela secundaria no solo fue un logro educativo, sino tambi\u00e9n un testimonio del esfuerzo conjunto de maestros, padres y comunidad. A trav\u00e9s de este proyecto, se evidenci\u00f3 la convicci\u00f3n de que la educaci\u00f3n formal era fundamental para el desarrollo de la juventud y el progreso sociocultural de la localidad.<\/p>\n<p class=\"western\" style=\"text-align: justify;\">El legado del Maestro Maximino Franco Franco se mantiene vivo en los corazones de quienes fueron parte de la Secundaria No. 7. Este homenaje no solo reconoce su contribuci\u00f3n individual, sino que tambi\u00e9n rinde tributo a los primeros estudiantes y padres que confiaron en el proyecto educativo, marcando as\u00ed el inicio de una tradici\u00f3n acad\u00e9mica en Cerritos.<\/p>\n<p class=\"western\" style=\"text-align: justify;\">De la primera generaci\u00f3n de estudiantes egresados de la Escuela Secundaria del Magisterio No. 7 tenemos a Lucila Carvajal, Paula Balderas, Celinda G\u00e1mez, Emelia G\u00f3mez, Delia Rodr\u00edguez, Ma. Del Socorro Posadas, Consuelo Medina, Daniel Rodr\u00edguez, Nicol\u00e1s Nava, J. Guadalupe Leal, H\u00e9ctor Garc\u00eda y Pablo Silva.<\/p>\n<p class=\"western\" style=\"text-align: justify;\">Algunos alumnos de la segunda generaci\u00f3n llevan por nombre Carmela Rodr\u00edguez, Rosa Ma. G\u00e1mez, Ma. Isabel Almaz\u00e1n, Ma. Victoria Pesina, Ma. Del Rosario Ruiz, J. Pilar Turrubiartes, Federico Mart\u00ednez y Alberto Nieto. Seguramente ellos tendr\u00e1n an\u00e9cdotas y recuerdos de experiencias agradables y del Cerritos que era otro muy diferente al que ahora conocemos.<\/p>\n","protected":false},"excerpt":{"rendered":"<p>En un emotivo acto de reconocimiento, un grupo de exalumnos se reuni\u00f3 para rendir homenaje al distinguido educador, el Maestro Maximino Franco Franco, fundador de la Escuela Secundaria del Magisterio No. 7 \u00abIgnacio Ram\u00edrez\u00bb. Este evento, encabezado por el Dr. Adri\u00e1n Pesina Zamarripa y organizado por el Dr. Juan Mac\u00edas Oviedo, se convirti\u00f3 en una oportunidad para recordar la valiosa contribuci\u00f3n del maestro Franco a la educaci\u00f3n en la regi\u00f3n.<\/p>\n","protected":false},"author":5,"featured_media":18926,"comment_status":"closed","ping_status":"open","sticky":false,"template":"","format":"standard","meta":{"footnotes":""},"categories":[3,483,486,485],"tags":[],"class_list":["post-18925","post","type-post","status-publish","format-standard","has-post-thumbnail","hentry","category-cerritos","category-cultura","category-educacion","category-sociales","entry","simple"],"_links":{"self":[{"href":"https:\/\/www.plurinominal.com.mx\/index.php?rest_route=\/wp\/v2\/posts\/18925","targetHints":{"allow":["GET"]}}],"collection":[{"href":"https:\/\/www.plurinominal.com.mx\/index.php?rest_route=\/wp\/v2\/posts"}],"about":[{"href":"https:\/\/www.plurinominal.com.mx\/index.php?rest_route=\/wp\/v2\/types\/post"}],"author":[{"embeddable":true,"href":"https:\/\/www.plurinominal.com.mx\/index.php?rest_route=\/wp\/v2\/users\/5"}],"replies":[{"embeddable":true,"href":"https:\/\/www.plurinominal.com.mx\/index.php?rest_route=%2Fwp%2Fv2%2Fcomments&post=18925"}],"version-history":[{"count":1,"href":"https:\/\/www.plurinominal.com.mx\/index.php?rest_route=\/wp\/v2\/posts\/18925\/revisions"}],"predecessor-version":[{"id":18927,"href":"https:\/\/www.plurinominal.com.mx\/index.php?rest_route=\/wp\/v2\/posts\/18925\/revisions\/18927"}],"wp:featuredmedia":[{"embeddable":true,"href":"https:\/\/www.plurinominal.com.mx\/index.php?rest_route=\/wp\/v2\/media\/18926"}],"wp:attachment":[{"href":"https:\/\/www.plurinominal.com.mx\/index.php?rest_route=%2Fwp%2Fv2%2Fmedia&parent=18925"}],"wp:term":[{"taxonomy":"category","embeddable":true,"href":"https:\/\/www.plurinominal.com.mx\/index.php?rest_route=%2Fwp%2Fv2%2Fcategories&post=18925"},{"taxonomy":"post_tag","embeddable":true,"href":"https:\/\/www.plurinominal.com.mx\/index.php?rest_route=%2Fwp%2Fv2%2Ftags&post=18925"}],"curies":[{"name":"wp","href":"https:\/\/api.w.org\/{rel}","templated":true}]}}