{"id":18987,"date":"2023-12-29T00:00:10","date_gmt":"2023-12-29T06:00:10","guid":{"rendered":"https:\/\/www.plurinominal.com.mx\/?p=18987"},"modified":"2024-01-24T00:00:29","modified_gmt":"2024-01-24T06:00:29","slug":"entre-elogios-y-polemicas","status":"publish","type":"post","link":"https:\/\/www.plurinominal.com.mx\/?p=18987","title":{"rendered":"Entre elogios y pol\u00e9micas"},"content":{"rendered":"<ul>\n<li class=\"western\" style=\"text-align: justify;\">Triunfo literario de \u00c1lex Reyes en el IX Premio Valpara\u00edso de Poes\u00eda<\/li>\n<\/ul>\n<p class=\"western\" style=\"text-align: justify;\"><span style=\"font-size: 10pt; font-family: 'trebuchet ms', geneva, sans-serif;\"><strong>REDACCI\u00d3N.-<\/strong> <\/span>El talentoso escritor \u00c1lex Reyes, integrante de la vigesimoprimera promoci\u00f3n de j\u00f3venes creadores de la Fundaci\u00f3n Antonio Gala, ha conquistado el codiciado IX Premio Valpara\u00edso de Poes\u00eda con su destacado poemario \u00abLuz en Retirada\u00bb. Su obra brill\u00f3 entre las m\u00e1s de doscientas presentadas en esta edici\u00f3n, marcada por una participaci\u00f3n abrumadora.<\/p>\n<p class=\"western\" style=\"text-align: justify;\">El veredicto fue emitido por un jurado de renombrados poetas, compuesto por Lena Carrilero, Jota Santatecla, Fernando Valverde, Federico D\u00edaz-Granados y la secretaria del premio, Nieves Garc\u00eda Prados. La obra de Reyes fue elegida por consenso, destacando su exploraci\u00f3n del asombro ante la figura paterna y la inevitable proximidad de la muerte. Seg\u00fan D\u00edaz-Granados, el libro logra transmitir al lector el testimonio anticipado de la ausencia y la formaci\u00f3n de recuerdos.<\/p>\n<p class=\"western\" style=\"text-align: justify;\">Fernando Valverde enfatiza la presencia de la muerte como una sombra que fundamenta el lenguaje po\u00e9tico en \u00abLuz en Retirada\u00bb. Jota Santatecla, coordinador editorial de Valpara\u00edso, elogia la fusi\u00f3n de lo vulnerable y aut\u00e9ntico con un tono emocional intenso. Para Lena Carrilero, el ganador de la edici\u00f3n 2023 es un poeta que \u00ababre camino entre las sombras para mostrar al lector d\u00f3nde encontrar la luz\u00bb. Un viaje a trav\u00e9s de im\u00e1genes de la infancia que se borran con el amanecer, seg\u00fan describe el propio poeta.<\/p>\n<p class=\"western\" style=\"text-align: justify;\">\u00c1lex Reyes es un escritor nacido en Cerritos en 1997, ha logrado un triunfo significativo en su carrera literaria al ser reconocido con el IX Premio Valpara\u00edso de Poes\u00eda por su poemario \u00abLuz en Retirada\u00bb. Este talentoso joven, miembro de la Fundaci\u00f3n Antonio Gala, ya ha dejado su huella con la publicaci\u00f3n de su primera novela y su participaci\u00f3n en diversos proyectos literarios.<\/p>\n<p class=\"western\" style=\"text-align: justify;\">A pesar de este logro, la distinci\u00f3n se vio ensombrecida por cr\u00edticas de personas que han mantenido diferencias con Reyes. En particular, Cisnette Lizneros, a trav\u00e9s de un comentario en Facebook, expres\u00f3 sus desacuerdos y acus\u00f3 al escritor de manipulaci\u00f3n y amenazas en el pasado. Seg\u00fan la captura de un comentario, la situaci\u00f3n escal\u00f3 a tal punto que Lizneros present\u00f3 una denuncia ante la Fiscal\u00eda de la CDMX. Este conflicto ha reavivado discusiones con otras personas.<\/p>\n","protected":false},"excerpt":{"rendered":"<p>El talentoso escritor \u00c1lex Reyes, integrante de la vigesimoprimera promoci\u00f3n de j\u00f3venes creadores de la Fundaci\u00f3n Antonio Gala, ha conquistado el codiciado IX Premio Valpara\u00edso de Poes\u00eda con su destacado poemario \u00abLuz en Retirada\u00bb. Su obra brill\u00f3 entre las m\u00e1s de doscientas presentadas en esta edici\u00f3n, marcada por una participaci\u00f3n abrumadora.<\/p>\n","protected":false},"author":5,"featured_media":18988,"comment_status":"closed","ping_status":"open","sticky":false,"template":"","format":"standard","meta":{"footnotes":""},"categories":[3,483,486,484,485],"tags":[],"class_list":["post-18987","post","type-post","status-publish","format-standard","has-post-thumbnail","hentry","category-cerritos","category-cultura","category-educacion","category-espectaculos","category-sociales","entry","simple"],"_links":{"self":[{"href":"https:\/\/www.plurinominal.com.mx\/index.php?rest_route=\/wp\/v2\/posts\/18987","targetHints":{"allow":["GET"]}}],"collection":[{"href":"https:\/\/www.plurinominal.com.mx\/index.php?rest_route=\/wp\/v2\/posts"}],"about":[{"href":"https:\/\/www.plurinominal.com.mx\/index.php?rest_route=\/wp\/v2\/types\/post"}],"author":[{"embeddable":true,"href":"https:\/\/www.plurinominal.com.mx\/index.php?rest_route=\/wp\/v2\/users\/5"}],"replies":[{"embeddable":true,"href":"https:\/\/www.plurinominal.com.mx\/index.php?rest_route=%2Fwp%2Fv2%2Fcomments&post=18987"}],"version-history":[{"count":1,"href":"https:\/\/www.plurinominal.com.mx\/index.php?rest_route=\/wp\/v2\/posts\/18987\/revisions"}],"predecessor-version":[{"id":18989,"href":"https:\/\/www.plurinominal.com.mx\/index.php?rest_route=\/wp\/v2\/posts\/18987\/revisions\/18989"}],"wp:featuredmedia":[{"embeddable":true,"href":"https:\/\/www.plurinominal.com.mx\/index.php?rest_route=\/wp\/v2\/media\/18988"}],"wp:attachment":[{"href":"https:\/\/www.plurinominal.com.mx\/index.php?rest_route=%2Fwp%2Fv2%2Fmedia&parent=18987"}],"wp:term":[{"taxonomy":"category","embeddable":true,"href":"https:\/\/www.plurinominal.com.mx\/index.php?rest_route=%2Fwp%2Fv2%2Fcategories&post=18987"},{"taxonomy":"post_tag","embeddable":true,"href":"https:\/\/www.plurinominal.com.mx\/index.php?rest_route=%2Fwp%2Fv2%2Ftags&post=18987"}],"curies":[{"name":"wp","href":"https:\/\/api.w.org\/{rel}","templated":true}]}}