{"id":19051,"date":"2024-01-18T10:56:53","date_gmt":"2024-01-18T16:56:53","guid":{"rendered":"https:\/\/www.plurinominal.com.mx\/?p=19051"},"modified":"2024-01-31T10:58:44","modified_gmt":"2024-01-31T16:58:44","slug":"profe-beto-guerrero","status":"publish","type":"post","link":"https:\/\/www.plurinominal.com.mx\/?p=19051","title":{"rendered":"Profe Beto Guerrero:"},"content":{"rendered":"<ul>\n<li class=\"western\" style=\"text-align: justify;\">Un h\u00e9roe an\u00f3nimo que merece su reconocimiento<\/li>\n<\/ul>\n<p class=\"western\" style=\"text-align: justify;\"><span style=\"font-size: 10pt; font-family: 'trebuchet ms', geneva, sans-serif;\"><strong>MARCO SERNA.- <\/strong><\/span>Al finalizar la Feria Regional del Paisano, es crucial destacar la labor de individuos discretos que, sin buscar reconocimientos ni aspirar a cargos pol\u00edticos, han contribuido significativamente a la cultura local. Entre ellos, destaca el Profesor Alberto Guerrero L\u00f3pez, cari\u00f1osamente conocido como el profe Beto, un incansable impulsor de la cultura en Cerritos.<\/p>\n<p class=\"western\" style=\"text-align: justify;\">Durante seis a\u00f1os, el profe Beto lider\u00f3 la organizaci\u00f3n de la Feria Regional de Cerritos y la Feria Regional del Paisano, dedic\u00e1ndose con pasi\u00f3n y compromiso sin recibir compensaci\u00f3n alguna. Su motivaci\u00f3n emanaba de una satisfacci\u00f3n genuina al ejercer su labor por amor a la comunidad y a la cultura local. Su gesti\u00f3n incluy\u00f3 la reubicaci\u00f3n estrat\u00e9gica de la feria de la plaza a La Unidad, una medida anticipada que buscaba mitigar el caos en el centro y revelaba su visi\u00f3n a futuro en medio de la escasez de terrenos disponibles.<\/p>\n<p class=\"western\" style=\"text-align: justify;\">El profe Beto, adem\u00e1s de su rol en las ferias, ha sido un custodio de invaluables an\u00e9cdotas culturales e hist\u00f3ricas, aportando significativamente al tejido social de Cerritos. Su legado se extiende m\u00e1s all\u00e1 de la organizaci\u00f3n de eventos; fue el pionero en iniciar el viacrucis viviente, una tradici\u00f3n que hoy atrae a miles durante la Semana Santa.<\/p>\n<p class=\"western\" style=\"text-align: justify;\">El reconocimiento al profe Beto no solo proviene de su labor en las ferias, sino tambi\u00e9n de la comunidad que ha sido testigo de su entrega desinteresada. Comentarios de seguidores en plataformas como Plurinominal, expresan la necesidad de rendir homenaje a este apasionado promotor cultural.<\/p>\n","protected":false},"excerpt":{"rendered":"<p>Al finalizar la Feria Regional del Paisano, es crucial destacar la labor de individuos discretos que, sin buscar reconocimientos ni aspirar a cargos pol\u00edticos, han contribuido significativamente a la cultura local. Entre ellos, destaca el Profesor Alberto Guerrero L\u00f3pez, cari\u00f1osamente conocido como el profe Beto, un incansable impulsor de la cultura en Cerritos.<\/p>\n","protected":false},"author":5,"featured_media":19052,"comment_status":"closed","ping_status":"open","sticky":false,"template":"","format":"standard","meta":{"footnotes":""},"categories":[3,483,486,485],"tags":[],"class_list":["post-19051","post","type-post","status-publish","format-standard","has-post-thumbnail","hentry","category-cerritos","category-cultura","category-educacion","category-sociales","entry","simple"],"_links":{"self":[{"href":"https:\/\/www.plurinominal.com.mx\/index.php?rest_route=\/wp\/v2\/posts\/19051","targetHints":{"allow":["GET"]}}],"collection":[{"href":"https:\/\/www.plurinominal.com.mx\/index.php?rest_route=\/wp\/v2\/posts"}],"about":[{"href":"https:\/\/www.plurinominal.com.mx\/index.php?rest_route=\/wp\/v2\/types\/post"}],"author":[{"embeddable":true,"href":"https:\/\/www.plurinominal.com.mx\/index.php?rest_route=\/wp\/v2\/users\/5"}],"replies":[{"embeddable":true,"href":"https:\/\/www.plurinominal.com.mx\/index.php?rest_route=%2Fwp%2Fv2%2Fcomments&post=19051"}],"version-history":[{"count":1,"href":"https:\/\/www.plurinominal.com.mx\/index.php?rest_route=\/wp\/v2\/posts\/19051\/revisions"}],"predecessor-version":[{"id":19053,"href":"https:\/\/www.plurinominal.com.mx\/index.php?rest_route=\/wp\/v2\/posts\/19051\/revisions\/19053"}],"wp:featuredmedia":[{"embeddable":true,"href":"https:\/\/www.plurinominal.com.mx\/index.php?rest_route=\/wp\/v2\/media\/19052"}],"wp:attachment":[{"href":"https:\/\/www.plurinominal.com.mx\/index.php?rest_route=%2Fwp%2Fv2%2Fmedia&parent=19051"}],"wp:term":[{"taxonomy":"category","embeddable":true,"href":"https:\/\/www.plurinominal.com.mx\/index.php?rest_route=%2Fwp%2Fv2%2Fcategories&post=19051"},{"taxonomy":"post_tag","embeddable":true,"href":"https:\/\/www.plurinominal.com.mx\/index.php?rest_route=%2Fwp%2Fv2%2Ftags&post=19051"}],"curies":[{"name":"wp","href":"https:\/\/api.w.org\/{rel}","templated":true}]}}