{"id":191,"date":"2011-11-01T23:29:34","date_gmt":"2011-11-01T23:29:34","guid":{"rendered":"http:\/\/www.plurinominal.com.mx\/?p=191"},"modified":"2011-11-05T23:33:15","modified_gmt":"2011-11-05T23:33:15","slug":"cierran-filas-en-torno-a-carbajal-sanchez","status":"publish","type":"post","link":"https:\/\/www.plurinominal.com.mx\/?p=191","title":{"rendered":"Cierran filas en torno a Carbajal S\u00e1nchez"},"content":{"rendered":"<p>Jos\u00e9 Guti\u00e9rrez Azua, Mario Ruiz Rodr\u00edguez, Gerardo Guerrero Carrera, Luc\u00eda Reyes, David Mac\u00edas y Leticia R\u00edos Mart\u00ednez acordaron trabajar de forma unida<\/p>\n<p>Ma. del Carmen V.<br \/>\nDespu\u00e9s de analizar el entorno pol\u00edtico de Acci\u00f3n Nacional, militantes acordaron unirse en torno a una candidatura: La del Ingeniero Gregorio Carbajal S\u00e1nchez.<br \/>\nJos\u00e9 Guti\u00e9rrez Azua, Mario Ruiz Rodr\u00edguez, Gerardo Guerrero Carrera, Luc\u00eda Reyes, David Mac\u00edas y Leticia R\u00edos Mart\u00ednez, as\u00ed como un grupo de militantes panistas, acordaron trabajar en forma unida con el fin de lograr el triunfo en las elecciones internas de Acci\u00f3n Nacional y salir fortalecidos para enfrentar la contienda pol\u00edtica del 2012 teniendo como candidato a Carbajal S\u00e1nchez.<br \/>\nCon el af\u00e1n de dar a conocer su decisi\u00f3n, convocaron a sus seguidores el s\u00e1bado a las seis de la tarde en el \u00abSal\u00f3n Concordia\u00bb, aunque la reuni\u00f3n se retras\u00f3 m\u00e1s de 60 minutos.<br \/>\nUno de los convocantes se\u00f1al\u00f3 a Plurinominal, que la situaci\u00f3n pol\u00edtica al interior del partido estaba fracturando la unidad. Debido a ello tomaron la determinaci\u00f3n de trabajar juntos, tema que expusieron ante seguidores.<br \/>\nLa idea de apoyar al Ingeniero Carbajal S\u00e1nchez, no es nueva, pero se fortaleci\u00f3 con el fin de aglutinar a la mayor parte de miembros activos y adherentes de Acci\u00f3n Nacional al considerar que la candidatura de Arturo Narv\u00e1ez es promovida por un grupo de ex funcionarios municipales que intentan adue\u00f1arse nuevamente de la presidencia.<br \/>\n\u201cEst\u00e1n aferrados por ganar y una vez que tuvieron la oportunidad despu\u00e9s de la nueva toma del CDM hicieron a muchos a un lado sin tomar en cuenta la decisi\u00f3n de los convocados. Ellos iniciaron su campa\u00f1a hasta en las redes sociales, pegaron engomados, acudieron a las casas de panistas en busca de apoyos y ahora ya hasta reparten tr\u00edpticos\u201d. Se se\u00f1al\u00f3 a este medio.<br \/>\n\u201cAun as\u00ed los integrantes de esa c\u00e9lula panista, llegaron a asegurar que contaban con la mayor\u00eda de los miembros activos y grupos de simpatizantes, lo que se desmiente con una fotograf\u00eda\u201d.<br \/>\n\u201cEl grupo de Carbajal S\u00e1nchez es m\u00e1s pol\u00edtico y si Narv\u00e1ez quiere se puede unir, estamos para eso\u00bb. Indic\u00f3 un miembro este s\u00e1bado despu\u00e9s de las 22:00 horas, \u2014es decir a escasos minutos de haber concluido la junta\u2014.<br \/>\nEn su discurso, la mayor\u00eda reconoci\u00f3 las fricciones del pasado.<br \/>\nPosteriormente lograron concientizar a los presentes que era el tiempo exacto para limar asperezas y trabajar para concretar el objetivo.<br \/>\nPor su parte Silvia Rodr\u00edguez, \u2014Presidenta del Comit\u00e9 Directivo Municipal del PAN a quien acusan de formar parte del otro conjunto\u2014 por vez primera convoc\u00f3 a un reuni\u00f3n abierta.<\/p>\n","protected":false},"excerpt":{"rendered":"<p>Jos\u00e9 Guti\u00e9rrez Azua, Mario Ruiz Rodr\u00edguez, Gerardo Guerrero Carrera, Luc\u00eda Reyes, David Mac\u00edas y Leticia R\u00edos Mart\u00ednez acordaron trabajar de forma unida Ma. del Carmen V. Despu\u00e9s de analizar el&#8230;<\/p>\n","protected":false},"author":1,"featured_media":0,"comment_status":"closed","ping_status":"open","sticky":false,"template":"","format":"standard","meta":{"footnotes":""},"categories":[3],"tags":[143,141,81,139,144,142,140],"class_list":["post-191","post","type-post","status-publish","format-standard","hentry","category-cerritos","tag-david-macias","tag-gerardo-guerrero-carrera","tag-gregorio-carbajal","tag-jose-gutierrez-azua","tag-leticia-rios-martinez","tag-lucia-reyes","tag-mario-ruiz-rodriguez","entry","simple"],"_links":{"self":[{"href":"https:\/\/www.plurinominal.com.mx\/index.php?rest_route=\/wp\/v2\/posts\/191","targetHints":{"allow":["GET"]}}],"collection":[{"href":"https:\/\/www.plurinominal.com.mx\/index.php?rest_route=\/wp\/v2\/posts"}],"about":[{"href":"https:\/\/www.plurinominal.com.mx\/index.php?rest_route=\/wp\/v2\/types\/post"}],"author":[{"embeddable":true,"href":"https:\/\/www.plurinominal.com.mx\/index.php?rest_route=\/wp\/v2\/users\/1"}],"replies":[{"embeddable":true,"href":"https:\/\/www.plurinominal.com.mx\/index.php?rest_route=%2Fwp%2Fv2%2Fcomments&post=191"}],"version-history":[{"count":0,"href":"https:\/\/www.plurinominal.com.mx\/index.php?rest_route=\/wp\/v2\/posts\/191\/revisions"}],"wp:attachment":[{"href":"https:\/\/www.plurinominal.com.mx\/index.php?rest_route=%2Fwp%2Fv2%2Fmedia&parent=191"}],"wp:term":[{"taxonomy":"category","embeddable":true,"href":"https:\/\/www.plurinominal.com.mx\/index.php?rest_route=%2Fwp%2Fv2%2Fcategories&post=191"},{"taxonomy":"post_tag","embeddable":true,"href":"https:\/\/www.plurinominal.com.mx\/index.php?rest_route=%2Fwp%2Fv2%2Ftags&post=191"}],"curies":[{"name":"wp","href":"https:\/\/api.w.org\/{rel}","templated":true}]}}