{"id":19111,"date":"2024-01-26T00:26:54","date_gmt":"2024-01-26T06:26:54","guid":{"rendered":"https:\/\/www.plurinominal.com.mx\/?p=19111"},"modified":"2024-02-06T00:28:25","modified_gmt":"2024-02-06T06:28:25","slug":"padres-de-familia-lamentan-la-indiferencia-del-director-y-del-titular-del-seer","status":"publish","type":"post","link":"https:\/\/www.plurinominal.com.mx\/?p=19111","title":{"rendered":"Padres de familia lamentan la indiferencia del director y del titular del SEER"},"content":{"rendered":"<ul>\n<li class=\"western\" style=\"text-align: justify;\">Tuvieron que cerrar la escuela para conseguir una respuesta temporal ante conflicto educativo<\/li>\n<\/ul>\n<p class=\"western\" style=\"text-align: justify;\"><span style=\"font-size: 10pt; font-family: 'trebuchet ms', geneva, sans-serif;\"><strong>MARCO SERNA.- <\/strong><\/span>Padres de familia de la escuela primaria Rafael Nieto, en el municipio de Cerritos, acusan al director Alejandro L\u00f3pez Mel\u00e9ndez y al titular del Sistema Educativo Estatal Regular (SEER) Cris\u00f3gono S\u00e1nchez Lara de no tomar en serio sus inconformidades.<\/p>\n<p class=\"western\" style=\"text-align: justify;\">Seg\u00fan los padres de familia, la escuela tiene dos plazas vacantes desde hace m\u00e1s de un a\u00f1o, y los grupos de primero B, segundo B, quinto B y sexto B no cuentan con maestro frente a grupo. Los docentes que llegaron esta semana son de interinato y solo van a cubrir hasta el d\u00eda 19 de julio.<\/p>\n<p class=\"western\" style=\"text-align: justify;\">Los padres de familia aseguran que la Unidad del Sistema para la Carrera de las Maestras y Maestros (USICAMM) no est\u00e1 en el proceso o no tiene facultades para la asignaci\u00f3n de plazas, pero esta versi\u00f3n no los convence, y se cree que solo es un argumento falso de autoridades educativas con el fin de aminorar los reclamos.<\/p>\n<p class=\"western\" style=\"text-align: justify;\">Los padres de familia expresan su inconformidad con el director Alejandro L\u00f3pez Mel\u00e9ndez, quien ha demostrado poco inter\u00e9s en resolver este conflicto, y dice que en San Luis Potos\u00ed amenazan con unificar grupos en vez de exigir que se cubran las plazas. Los padres de familia tambi\u00e9n critican que el director llega tarde y se va temprano \u201cpara alcanzar la camioneta que lo lleva de regreso\u201d, y que deber\u00eda de rentar casa en Cerritos para estar m\u00e1s al pendiente de la escuela. Los padres de familia piden que se d\u00e9 preferencia a maestros de Cerritos, gente que sea de aqu\u00ed, pues el director es de la capital.<\/p>\n<p class=\"western\" style=\"text-align: justify;\">Ante el poco inter\u00e9s, los padres de familia lamentan que hayan tenido que cerrar la escuela para llamar la atenci\u00f3n de los medios de comunicaci\u00f3n estatales, y as\u00ed haber obtenido respuesta. Sin embargo, hasta ahora el SEER ni la intervenci\u00f3n de Cris\u00f3gono S\u00e1nchez Lara se han pronunciado con una respuesta oficial.<\/p>\n<p class=\"western\" style=\"text-align: justify;\">Recordemos que en el municipio de Cerritos este mes han sucedido dos manifestaciones en la escuela, donde participaron alumnos y padres de familia, exigiendo justicia educativa para sus hijos. Cerraron la instituci\u00f3n colocando cadenas y pancartas, obteniendo una respuesta temporal al conflicto.<\/p>\n","protected":false},"excerpt":{"rendered":"<p>Padres de familia de la escuela primaria Rafael Nieto, en el municipio de Cerritos, acusan al director Alejandro L\u00f3pez Mel\u00e9ndez y al titular del Sistema Educativo Estatal Regular (SEER) Cris\u00f3gono S\u00e1nchez Lara de no tomar en serio sus inconformidades.<\/p>\n","protected":false},"author":5,"featured_media":19112,"comment_status":"closed","ping_status":"open","sticky":false,"template":"","format":"standard","meta":{"footnotes":""},"categories":[3,486,485],"tags":[],"class_list":["post-19111","post","type-post","status-publish","format-standard","has-post-thumbnail","hentry","category-cerritos","category-educacion","category-sociales","entry","simple"],"_links":{"self":[{"href":"https:\/\/www.plurinominal.com.mx\/index.php?rest_route=\/wp\/v2\/posts\/19111","targetHints":{"allow":["GET"]}}],"collection":[{"href":"https:\/\/www.plurinominal.com.mx\/index.php?rest_route=\/wp\/v2\/posts"}],"about":[{"href":"https:\/\/www.plurinominal.com.mx\/index.php?rest_route=\/wp\/v2\/types\/post"}],"author":[{"embeddable":true,"href":"https:\/\/www.plurinominal.com.mx\/index.php?rest_route=\/wp\/v2\/users\/5"}],"replies":[{"embeddable":true,"href":"https:\/\/www.plurinominal.com.mx\/index.php?rest_route=%2Fwp%2Fv2%2Fcomments&post=19111"}],"version-history":[{"count":1,"href":"https:\/\/www.plurinominal.com.mx\/index.php?rest_route=\/wp\/v2\/posts\/19111\/revisions"}],"predecessor-version":[{"id":19113,"href":"https:\/\/www.plurinominal.com.mx\/index.php?rest_route=\/wp\/v2\/posts\/19111\/revisions\/19113"}],"wp:featuredmedia":[{"embeddable":true,"href":"https:\/\/www.plurinominal.com.mx\/index.php?rest_route=\/wp\/v2\/media\/19112"}],"wp:attachment":[{"href":"https:\/\/www.plurinominal.com.mx\/index.php?rest_route=%2Fwp%2Fv2%2Fmedia&parent=19111"}],"wp:term":[{"taxonomy":"category","embeddable":true,"href":"https:\/\/www.plurinominal.com.mx\/index.php?rest_route=%2Fwp%2Fv2%2Fcategories&post=19111"},{"taxonomy":"post_tag","embeddable":true,"href":"https:\/\/www.plurinominal.com.mx\/index.php?rest_route=%2Fwp%2Fv2%2Ftags&post=19111"}],"curies":[{"name":"wp","href":"https:\/\/api.w.org\/{rel}","templated":true}]}}