{"id":1944,"date":"2012-01-10T23:40:52","date_gmt":"2012-01-11T05:40:52","guid":{"rendered":"http:\/\/www.plurinominal.com.mx\/?p=1944"},"modified":"2012-03-02T23:41:21","modified_gmt":"2012-03-03T05:41:21","slug":"ladron-que-quiso-robar-y-se-quedo-dormido-sigue-en-la-carcel","status":"publish","type":"post","link":"https:\/\/www.plurinominal.com.mx\/?p=1944","title":{"rendered":"Ladr\u00f3n que quiso robar y se qued\u00f3 dormido sigue en la c\u00e1rcel"},"content":{"rendered":"<p>Del equipo de redacci\u00f3n<br \/>\nLadr\u00f3n que fue detenido por polic\u00edas de nuestro municipio, \u2014el mismo que se qued\u00f3 dormido en la King Size del due\u00f1o de la casa\u2014, deber\u00e1 pasarse vario tiempo en la c\u00e1rcel porque no alcanz\u00f3 fianza.<br \/>\nArgumentos presentados por la defensa de Jorge de Jes\u00fas C\u00e1rdenas Orta, (vecino de la calle Murrieta), fueron suficientes para alcanzar que cambiara el delito, que primero se consider\u00f3 como robo calificado y el juez lo modific\u00f3 a tentativa.<br \/>\nSe tom\u00f3 en cuenta por el juzgador, que las cosas que intent\u00f3 llevarse el ladr\u00f3n no salieron del domicilio en cuesti\u00f3n, porque antes de sacarlas cen\u00f3 y ech\u00f3 una siesta en la cama de Juan Antonio Ram\u00edrez Castillo. Luego se le sorprendi\u00f3 a las 02:34 AM de este domingo primero de enero.<br \/>\nLa formal prisi\u00f3n se le dict\u00f3 el viernes 6 y desde esa fecha ha iniciado lo que podr\u00eda ser un largo proceso penal.<br \/>\nAhora Jorge de Jes\u00fas deber\u00e1 permanecer encerrado en el CEREDI, porque no alcanza fianza.<\/p>\n","protected":false},"excerpt":{"rendered":"<p>Del equipo de redacci\u00f3n Ladr\u00f3n que fue detenido por polic\u00edas de nuestro municipio, \u2014el mismo que se qued\u00f3 dormido en la King Size del due\u00f1o de la casa\u2014, deber\u00e1 pasarse&#8230;<\/p>\n","protected":false},"author":1,"featured_media":0,"comment_status":"closed","ping_status":"open","sticky":false,"template":"","format":"standard","meta":{"footnotes":""},"categories":[3],"tags":[],"class_list":["post-1944","post","type-post","status-publish","format-standard","hentry","category-cerritos","entry","simple"],"_links":{"self":[{"href":"https:\/\/www.plurinominal.com.mx\/index.php?rest_route=\/wp\/v2\/posts\/1944","targetHints":{"allow":["GET"]}}],"collection":[{"href":"https:\/\/www.plurinominal.com.mx\/index.php?rest_route=\/wp\/v2\/posts"}],"about":[{"href":"https:\/\/www.plurinominal.com.mx\/index.php?rest_route=\/wp\/v2\/types\/post"}],"author":[{"embeddable":true,"href":"https:\/\/www.plurinominal.com.mx\/index.php?rest_route=\/wp\/v2\/users\/1"}],"replies":[{"embeddable":true,"href":"https:\/\/www.plurinominal.com.mx\/index.php?rest_route=%2Fwp%2Fv2%2Fcomments&post=1944"}],"version-history":[{"count":0,"href":"https:\/\/www.plurinominal.com.mx\/index.php?rest_route=\/wp\/v2\/posts\/1944\/revisions"}],"wp:attachment":[{"href":"https:\/\/www.plurinominal.com.mx\/index.php?rest_route=%2Fwp%2Fv2%2Fmedia&parent=1944"}],"wp:term":[{"taxonomy":"category","embeddable":true,"href":"https:\/\/www.plurinominal.com.mx\/index.php?rest_route=%2Fwp%2Fv2%2Fcategories&post=1944"},{"taxonomy":"post_tag","embeddable":true,"href":"https:\/\/www.plurinominal.com.mx\/index.php?rest_route=%2Fwp%2Fv2%2Ftags&post=1944"}],"curies":[{"name":"wp","href":"https:\/\/api.w.org\/{rel}","templated":true}]}}