{"id":19477,"date":"2024-03-06T19:36:01","date_gmt":"2024-03-07T01:36:01","guid":{"rendered":"https:\/\/www.plurinominal.com.mx\/?p=19477"},"modified":"2024-03-18T19:38:45","modified_gmt":"2024-03-19T01:38:45","slug":"muchos-topes-y-poca-cultura-vial","status":"publish","type":"post","link":"https:\/\/www.plurinominal.com.mx\/?p=19477","title":{"rendered":"Muchos topes y poca cultura vial"},"content":{"rendered":"<ul>\n<li class=\"western\" style=\"text-align: justify;\">Hay una falta de respeto a los se\u00f1alamientos<\/li>\n<\/ul>\n<p class=\"western\" style=\"text-align: justify;\"><span style=\"font-size: 10pt; font-family: 'trebuchet ms', geneva, sans-serif;\"><strong>BETO GUERRERO.- <\/strong><\/span>La falta de cultura vial en el municipio de Cerritos, es una problem\u00e1tica que afecta tanto a conductores como a peatones, seg\u00fan lo constat\u00f3 este medio, que realiz\u00f3 un recorrido por las principales calles de la localidad.<\/p>\n<p class=\"western\" style=\"text-align: justify;\">Plurinominal document\u00f3 que muchos conductores se estacionan en lugares prohibidos, como espacios para discapacitados, banquetas o doble fila, sin importarles las molestias que ocasionan.<\/p>\n<p class=\"western\" style=\"text-align: justify;\">Adem\u00e1s, hay una falta de respeto a los se\u00f1alamientos viales, como los sentidos de las calles, los l\u00edmites de velocidad y el paso al peat\u00f3n.<\/p>\n<p class=\"western\" style=\"text-align: justify;\">Tambi\u00e9n abundan topes en calles principales, lo que indica que hay una necesidad de regular el tr\u00e1fico y evitar accidentes por el exceso de velocidad, aunque los reductores pueden generar da\u00f1os a los veh\u00edculos y retrasos en la movilidad.<\/p>\n<p class=\"western\" style=\"text-align: justify;\">Otro aspecto es el uso inadecuado de las motocicletas, que circulan sin casco y unas hasta sin luces. Por su parte, los ciclistas van en contra del sentido de la v\u00eda, poniendo en riesgo su propia seguridad y la de los dem\u00e1s.<\/p>\n<p class=\"western\" style=\"text-align: justify;\">Afuera de las escuelas hay padres de familia que se estacionan en doble fila para esperar a sus hijos, causando embotellamientos y caos vial.<\/p>\n<p class=\"western\" style=\"text-align: justify;\">Ante esta situaci\u00f3n, se hace un llamado a las autoridades municipales y estatales para que implementen medidas que fomenten la cultura vial, como campa\u00f1as de concientizaci\u00f3n, sanciones a los infractores y mejoras en la infraestructura vial.<\/p>\n<hr \/>\n<p><em>IMAGEN: En Cerritos la gente se estaciona c\u00f3mo quiere.<\/em><\/p>\n","protected":false},"excerpt":{"rendered":"<p>La falta de cultura vial en el municipio de Cerritos, es una problem\u00e1tica que afecta tanto a conductores como a peatones, seg\u00fan lo constat\u00f3 este medio, que realiz\u00f3 un recorrido por las principales calles de la localidad.<\/p>\n","protected":false},"author":5,"featured_media":19478,"comment_status":"closed","ping_status":"open","sticky":false,"template":"","format":"standard","meta":{"footnotes":""},"categories":[3,483,486],"tags":[],"class_list":["post-19477","post","type-post","status-publish","format-standard","has-post-thumbnail","hentry","category-cerritos","category-cultura","category-educacion","entry","simple"],"_links":{"self":[{"href":"https:\/\/www.plurinominal.com.mx\/index.php?rest_route=\/wp\/v2\/posts\/19477","targetHints":{"allow":["GET"]}}],"collection":[{"href":"https:\/\/www.plurinominal.com.mx\/index.php?rest_route=\/wp\/v2\/posts"}],"about":[{"href":"https:\/\/www.plurinominal.com.mx\/index.php?rest_route=\/wp\/v2\/types\/post"}],"author":[{"embeddable":true,"href":"https:\/\/www.plurinominal.com.mx\/index.php?rest_route=\/wp\/v2\/users\/5"}],"replies":[{"embeddable":true,"href":"https:\/\/www.plurinominal.com.mx\/index.php?rest_route=%2Fwp%2Fv2%2Fcomments&post=19477"}],"version-history":[{"count":2,"href":"https:\/\/www.plurinominal.com.mx\/index.php?rest_route=\/wp\/v2\/posts\/19477\/revisions"}],"predecessor-version":[{"id":19480,"href":"https:\/\/www.plurinominal.com.mx\/index.php?rest_route=\/wp\/v2\/posts\/19477\/revisions\/19480"}],"wp:featuredmedia":[{"embeddable":true,"href":"https:\/\/www.plurinominal.com.mx\/index.php?rest_route=\/wp\/v2\/media\/19478"}],"wp:attachment":[{"href":"https:\/\/www.plurinominal.com.mx\/index.php?rest_route=%2Fwp%2Fv2%2Fmedia&parent=19477"}],"wp:term":[{"taxonomy":"category","embeddable":true,"href":"https:\/\/www.plurinominal.com.mx\/index.php?rest_route=%2Fwp%2Fv2%2Fcategories&post=19477"},{"taxonomy":"post_tag","embeddable":true,"href":"https:\/\/www.plurinominal.com.mx\/index.php?rest_route=%2Fwp%2Fv2%2Ftags&post=19477"}],"curies":[{"name":"wp","href":"https:\/\/api.w.org\/{rel}","templated":true}]}}