{"id":1948,"date":"2012-01-13T23:42:20","date_gmt":"2012-01-14T05:42:20","guid":{"rendered":"http:\/\/www.plurinominal.com.mx\/?p=1948"},"modified":"2012-03-02T23:42:46","modified_gmt":"2012-03-03T05:42:46","slug":"escuela-de-futbol-halcones-festeja-su-segundo-aniversario-enfrentando-a-los-lobos-de-tercera-division-profesional","status":"publish","type":"post","link":"https:\/\/www.plurinominal.com.mx\/?p=1948","title":{"rendered":"Escuela de f\u00fatbol \u00abHalcones\u00bb festeja su segundo aniversario enfrentando a \u00abLos Lobos\u00bb de tercera divisi\u00f3n profesional"},"content":{"rendered":"<p>Se programaron encuentros para el pr\u00f3ximo domingo en \u201cLa Gallera\u201d <\/p>\n<p>Ma. del Carmen V.<br \/>\nLa escuela de f\u00fatbol \u00abHalcones\u00bb para festejar su segundo aniversario realizar\u00e1 un evento en el campo deportivo \u00abManuel Galv\u00e1n\u00bb, donde enfrentar\u00e1 al equipo \u00abLobos\u00bb de la tercera divisi\u00f3n.<br \/>\nEl evento se realizar\u00e1 el pr\u00f3ximo domingo, 15 de enero, a partir de las nueve de la ma\u00f1ana.<br \/>\nParticipar\u00e1n equipos infantiles, dos de ellos filiales del equipo San Luis de la primera divisi\u00f3n, tambi\u00e9n en partidos amistosos.<br \/>\nEn un tercer encuentro en la categor\u00eda juvenil, la escuela de f\u00fatbol \u00abHalcones\u00bb se enfrentar\u00e1 al equipo \u00abLobos de San Luis\u00bb de la tercera divisi\u00f3n profesional, a las dos de la tarde.<br \/>\nPara dar realce a los festejos se ha invitado a distinguidas personalidades como Erasmo Galv\u00e1n Nieto, Presidente Municipal de Cerritos y Jes\u00fas Ruiz Castillo, de Villa Ju\u00e1rez, quienes ya confirmaron su asistencia.<br \/>\nEl cuerpo directivo de la escuela de f\u00fatbol, est\u00e1 integrado por el Doctor Antonio Valent\u00edn Baltasar y el Profesor Alfredo Meza Cuevas.<br \/>\nSe inform\u00f3 a Plurinominal que en el festejo del segundo aniversario estar\u00e1n presentes ex jugadores del Santos de San Luis y Cachorros del Atl\u00e9tico Potosino como Filiberto \u00abEl Zurdo Rodr\u00edguez\u00bb, \u00abLa Flecha\u00bb, Mart\u00edn del Campo, \u00abEl Fanta Valad\u00e9s\u00bb y \u00abEl G\u00fcero Lizaola\u00bb, entre otros.<br \/>\nLa escuela de f\u00fatbol a trav\u00e9s de los dos a\u00f1os de participar como instituci\u00f3n deportiva ha formado parte de diferentes eventos como en la copa \u00abGallardo\u00bb de Soledad de Graciano S\u00e1nchez, en la Liga de F\u00fatbol de Ciudad Fern\u00e1ndez as\u00ed como en la Liga Municipal de Cerritos.<br \/>\nLa escuela goza de gran prestigio y por ello ha recibido invitaciones para participar en el torneo \u00abPremium\u00bb de la capital del estado y tambi\u00e9n tiene invitaci\u00f3n para que participe en la cuarta divisi\u00f3n del Baj\u00edo. <\/p>\n","protected":false},"excerpt":{"rendered":"<p>Se programaron encuentros para el pr\u00f3ximo domingo en \u201cLa Gallera\u201d Ma. del Carmen V. La escuela de f\u00fatbol \u00abHalcones\u00bb para festejar su segundo aniversario realizar\u00e1 un evento en el campo&#8230;<\/p>\n","protected":false},"author":1,"featured_media":0,"comment_status":"closed","ping_status":"open","sticky":false,"template":"","format":"standard","meta":{"footnotes":""},"categories":[3],"tags":[],"class_list":["post-1948","post","type-post","status-publish","format-standard","hentry","category-cerritos","entry","simple"],"_links":{"self":[{"href":"https:\/\/www.plurinominal.com.mx\/index.php?rest_route=\/wp\/v2\/posts\/1948","targetHints":{"allow":["GET"]}}],"collection":[{"href":"https:\/\/www.plurinominal.com.mx\/index.php?rest_route=\/wp\/v2\/posts"}],"about":[{"href":"https:\/\/www.plurinominal.com.mx\/index.php?rest_route=\/wp\/v2\/types\/post"}],"author":[{"embeddable":true,"href":"https:\/\/www.plurinominal.com.mx\/index.php?rest_route=\/wp\/v2\/users\/1"}],"replies":[{"embeddable":true,"href":"https:\/\/www.plurinominal.com.mx\/index.php?rest_route=%2Fwp%2Fv2%2Fcomments&post=1948"}],"version-history":[{"count":0,"href":"https:\/\/www.plurinominal.com.mx\/index.php?rest_route=\/wp\/v2\/posts\/1948\/revisions"}],"wp:attachment":[{"href":"https:\/\/www.plurinominal.com.mx\/index.php?rest_route=%2Fwp%2Fv2%2Fmedia&parent=1948"}],"wp:term":[{"taxonomy":"category","embeddable":true,"href":"https:\/\/www.plurinominal.com.mx\/index.php?rest_route=%2Fwp%2Fv2%2Fcategories&post=1948"},{"taxonomy":"post_tag","embeddable":true,"href":"https:\/\/www.plurinominal.com.mx\/index.php?rest_route=%2Fwp%2Fv2%2Ftags&post=1948"}],"curies":[{"name":"wp","href":"https:\/\/api.w.org\/{rel}","templated":true}]}}