{"id":19538,"date":"2024-03-20T11:29:52","date_gmt":"2024-03-20T17:29:52","guid":{"rendered":"https:\/\/www.plurinominal.com.mx\/?p=19538"},"modified":"2024-03-27T11:31:56","modified_gmt":"2024-03-27T17:31:56","slug":"un-centro-sin-desniveles","status":"publish","type":"post","link":"https:\/\/www.plurinominal.com.mx\/?p=19538","title":{"rendered":"Un centro sin desniveles"},"content":{"rendered":"<ul>\n<li class=\"western\" style=\"text-align: justify;\">Instan a las autoridades de seguridad a promover y garantizar la inclusi\u00f3n<\/li>\n<\/ul>\n<p class=\"western\" style=\"text-align: justify;\"><span style=\"font-size: 10pt; font-family: 'trebuchet ms', geneva, sans-serif;\"><strong>MARCO SERNA.-<\/strong> <\/span>La administraci\u00f3n municipal de Cerritos, liderada por Ma. Leticia V\u00e1zquez Hern\u00e1ndez, ha sido reconocida por los ciudadanos por cumplir su promesa de remodelar las calles y aceras, considerando la inclusi\u00f3n de personas con discapacidad. Anteriormente, el centro de la ciudad presentaba desniveles que limitaban la movilidad de quienes utilizan sillas de ruedas, andadores, muletas o son adultos mayores. Ahora, gracias a las modificaciones, estas personas pueden desplazarse con mayor libertad, mejorando significativamente su calidad de vida.<\/p>\n<p class=\"western\" style=\"text-align: justify;\">En el proceso de convertirse en Pueblo M\u00e1gico, el gobierno de Ma. Leticia V\u00e1zquez Hern\u00e1ndez se comprometi\u00f3 a fomentar la inclusi\u00f3n, logrando un centro urbano accesible para todos. No obstante, persisten desaf\u00edos: una cr\u00edtica local, con un familiar con discapacidad, exhorta a los conductores y a la comunidad a mostrar empat\u00eda, evitando obstruir los accesos con veh\u00edculos y objetos que impidan el uso de las aceras a las personas con discapacidad. Adem\u00e1s, insta a las autoridades de seguridad a promover y garantizar esta inclusi\u00f3n.<\/p>\n<p class=\"western\" style=\"text-align: justify;\">A pesar de los avances, en Cerritos a\u00fan es com\u00fan encontrar veh\u00edculos estacionados en lugares exclusivos y motocicletas o bicicletas bloqueando las rampas destinadas a personas con discapacidad, lo que subraya la necesidad de una mayor conciencia y respeto por parte de todos los ciudadanos.<\/p>\n","protected":false},"excerpt":{"rendered":"<p>La administraci\u00f3n municipal de Cerritos, liderada por Ma. Leticia V\u00e1zquez Hern\u00e1ndez, ha sido reconocida por los ciudadanos por cumplir su promesa de remodelar las calles y aceras, considerando la inclusi\u00f3n de personas con discapacidad. Anteriormente, el centro de la ciudad presentaba desniveles que limitaban la movilidad de quienes utilizan sillas de ruedas, andadores, muletas o son adultos mayores. Ahora, gracias a las modificaciones, estas personas pueden desplazarse con mayor libertad, mejorando significativamente su calidad de vida.<\/p>\n","protected":false},"author":5,"featured_media":19539,"comment_status":"closed","ping_status":"open","sticky":false,"template":"","format":"standard","meta":{"footnotes":""},"categories":[3,483,486,485],"tags":[],"class_list":["post-19538","post","type-post","status-publish","format-standard","has-post-thumbnail","hentry","category-cerritos","category-cultura","category-educacion","category-sociales","entry","simple"],"_links":{"self":[{"href":"https:\/\/www.plurinominal.com.mx\/index.php?rest_route=\/wp\/v2\/posts\/19538","targetHints":{"allow":["GET"]}}],"collection":[{"href":"https:\/\/www.plurinominal.com.mx\/index.php?rest_route=\/wp\/v2\/posts"}],"about":[{"href":"https:\/\/www.plurinominal.com.mx\/index.php?rest_route=\/wp\/v2\/types\/post"}],"author":[{"embeddable":true,"href":"https:\/\/www.plurinominal.com.mx\/index.php?rest_route=\/wp\/v2\/users\/5"}],"replies":[{"embeddable":true,"href":"https:\/\/www.plurinominal.com.mx\/index.php?rest_route=%2Fwp%2Fv2%2Fcomments&post=19538"}],"version-history":[{"count":1,"href":"https:\/\/www.plurinominal.com.mx\/index.php?rest_route=\/wp\/v2\/posts\/19538\/revisions"}],"predecessor-version":[{"id":19540,"href":"https:\/\/www.plurinominal.com.mx\/index.php?rest_route=\/wp\/v2\/posts\/19538\/revisions\/19540"}],"wp:featuredmedia":[{"embeddable":true,"href":"https:\/\/www.plurinominal.com.mx\/index.php?rest_route=\/wp\/v2\/media\/19539"}],"wp:attachment":[{"href":"https:\/\/www.plurinominal.com.mx\/index.php?rest_route=%2Fwp%2Fv2%2Fmedia&parent=19538"}],"wp:term":[{"taxonomy":"category","embeddable":true,"href":"https:\/\/www.plurinominal.com.mx\/index.php?rest_route=%2Fwp%2Fv2%2Fcategories&post=19538"},{"taxonomy":"post_tag","embeddable":true,"href":"https:\/\/www.plurinominal.com.mx\/index.php?rest_route=%2Fwp%2Fv2%2Ftags&post=19538"}],"curies":[{"name":"wp","href":"https:\/\/api.w.org\/{rel}","templated":true}]}}