{"id":1954,"date":"2012-01-11T23:46:44","date_gmt":"2012-01-12T05:46:44","guid":{"rendered":"http:\/\/www.plurinominal.com.mx\/?p=1954"},"modified":"2012-03-02T23:47:24","modified_gmt":"2012-03-03T05:47:24","slug":"se-le-nublo-la-vista-e-impacto-su-vehiculo-contra-poste-2","status":"publish","type":"post","link":"https:\/\/www.plurinominal.com.mx\/?p=1954","title":{"rendered":"Se le nubl\u00f3 la vista e impact\u00f3 su veh\u00edculo contra poste"},"content":{"rendered":"<p>Miles de da\u00f1os materiales a causa del accidente<\/p>\n<p>Mario Ch.<br \/>\nMientras conduc\u00eda sobre la calle P\u00edpila casi esquina con Ju\u00e1rez, a un hombre se le nubl\u00f3 la vista e impact\u00f3 su veh\u00edculo contra un poste para quedar encima de la banqueta, causando un accidente valorado en miles de pesos.<br \/>\nHerculano P\u00e9rez Hern\u00e1ndez, de la calle Epifanio Castillo 68 del barrio de Francia, sufri\u00f3 las consecuencias de la diabetes.<br \/>\n\u00c9l manejaba una camioneta FORD, color rojo, placas NAH2291 del estado de Georgia con \u201ccamper\u201d del mismo color. \u00c9sta qued\u00f3 pr\u00e1cticamente inservible.<br \/>\nVen\u00eda bajando sobre la calle P\u00edpila, pero casi esquina con Ju\u00e1rez al se\u00f1or se le nubl\u00f3 la vista y pis\u00f3 el acelerador en vez del freno.<br \/>\nAlcanz\u00f3 a ver a otro veh\u00edculo al que impactar\u00eda de frente, por eso de inmediato vir\u00f3 el volante.<br \/>\nCon su camioneta derrib\u00f3 un poste, se subi\u00f3 a la banqueta y rasp\u00f3 parte de algunas viviendas.<br \/>\nSe brind\u00f3 apoyo a las siguientes personas que se dijeron perjudicadas por el percance: Mar\u00eda de los \u00c1ngeles Uresti S\u00e1nchez de 84 a\u00f1os de edad con domicilio en la calle Ju\u00e1rez 84, Jos\u00e9 F\u00e9lix Salda\u00f1a Ram\u00edrez de 55 a\u00f1os con domicilio en la calle Ju\u00e1rez 61 y Samuel D\u00e1valos Zamora, el cual conduc\u00eda una camioneta marca Nissan color blanca que alcanz\u00f3 a ser afectada.<br \/>\nAnimismo, en los veh\u00edculos en menci\u00f3n viajaban acompa\u00f1antes de los conductores, los que tambi\u00e9n fueron trasladados al IMSS.<br \/>\nLa camioneta de \u201cDon Herculano\u201d qued\u00f3 encima de la banqueta.<br \/>\nSe atrofi\u00f3 la transmisi\u00f3n autom\u00e1tica y estuvo atravesada m\u00e1s de hora y media.<br \/>\nLos polic\u00edas hicieron acto de presencia a los 13 minutos de ocurrido el accidente, y luego de ser valorado por m\u00e9dicos, P\u00e9rez Hern\u00e1ndez fue remitido a las celdas antes de ser consignado ante el Ministerio P\u00fablico donde tratar\u00eda de llegar a un convenio con los afectados.<br \/>\nLos hechos ocurrieron a las 13:35 horas de la tarde de este lunes 9 de enero.<br \/>\nCasi en la esquina de la carnicer\u00eda conocida como \u201cEl Torito\u201d, se observ\u00f3 una multitud de estudiantes de la escuela secundaria Manuel Jos\u00e9 Oth\u00f3n, pero por fortuna el caso no se convirti\u00f3 en tragedia.<\/p>\n","protected":false},"excerpt":{"rendered":"<p>Miles de da\u00f1os materiales a causa del accidente Mario Ch. Mientras conduc\u00eda sobre la calle P\u00edpila casi esquina con Ju\u00e1rez, a un hombre se le nubl\u00f3 la vista e impact\u00f3&#8230;<\/p>\n","protected":false},"author":1,"featured_media":0,"comment_status":"closed","ping_status":"open","sticky":false,"template":"","format":"standard","meta":{"footnotes":""},"categories":[3],"tags":[],"class_list":["post-1954","post","type-post","status-publish","format-standard","hentry","category-cerritos","entry","simple"],"_links":{"self":[{"href":"https:\/\/www.plurinominal.com.mx\/index.php?rest_route=\/wp\/v2\/posts\/1954","targetHints":{"allow":["GET"]}}],"collection":[{"href":"https:\/\/www.plurinominal.com.mx\/index.php?rest_route=\/wp\/v2\/posts"}],"about":[{"href":"https:\/\/www.plurinominal.com.mx\/index.php?rest_route=\/wp\/v2\/types\/post"}],"author":[{"embeddable":true,"href":"https:\/\/www.plurinominal.com.mx\/index.php?rest_route=\/wp\/v2\/users\/1"}],"replies":[{"embeddable":true,"href":"https:\/\/www.plurinominal.com.mx\/index.php?rest_route=%2Fwp%2Fv2%2Fcomments&post=1954"}],"version-history":[{"count":0,"href":"https:\/\/www.plurinominal.com.mx\/index.php?rest_route=\/wp\/v2\/posts\/1954\/revisions"}],"wp:attachment":[{"href":"https:\/\/www.plurinominal.com.mx\/index.php?rest_route=%2Fwp%2Fv2%2Fmedia&parent=1954"}],"wp:term":[{"taxonomy":"category","embeddable":true,"href":"https:\/\/www.plurinominal.com.mx\/index.php?rest_route=%2Fwp%2Fv2%2Fcategories&post=1954"},{"taxonomy":"post_tag","embeddable":true,"href":"https:\/\/www.plurinominal.com.mx\/index.php?rest_route=%2Fwp%2Fv2%2Ftags&post=1954"}],"curies":[{"name":"wp","href":"https:\/\/api.w.org\/{rel}","templated":true}]}}