{"id":1960,"date":"2012-01-12T23:49:10","date_gmt":"2012-01-13T05:49:10","guid":{"rendered":"http:\/\/www.plurinominal.com.mx\/?p=1960"},"modified":"2012-03-02T23:49:30","modified_gmt":"2012-03-03T05:49:30","slug":"regreso-a-cerritos-el-lic-mateo-2","status":"publish","type":"post","link":"https:\/\/www.plurinominal.com.mx\/?p=1960","title":{"rendered":"Regres\u00f3 a Cerritos el \u201cLic. Mateo\u201d"},"content":{"rendered":"<p>Del equipo de redacci\u00f3n<br \/>\nLuego de estar casi un mes hospitalizado a causa de una intervenci\u00f3n quir\u00fargica que se determin\u00f3 a consecuencia de un fuerte golpe en el cr\u00e1neo, el Lic. Mateo Serna Mart\u00ednez regres\u00f3 este martes a su ciudad natal, Cerritos SLP, donde se recupera satisfactoriamente.<br \/>\nLa operaci\u00f3n fue necesaria para salvar su vida, porque a  las 15:00 horas del domingo 11 de Diciembre del a\u00f1o pasado,  el \u201cLic. Mateo\u201d, se encontraba realizando mejoras a las instalaciones de sus oficinas ubicadas en Jes\u00fas Carranza 40-A y sufri\u00f3 un accidente.<br \/>\nParado en un banco de menos de medio metro de altura que coloc\u00f3 encima de un escal\u00f3n \u2014mientas pintaba una puerta\u2014 perdi\u00f3 el equilibrio. Al caer se golpe\u00f3 la cabeza a la altura de la cejas.<br \/>\nAlcanz\u00f3 a hacer una llamada por celular a sus familiares porque no se pudo levantar.<br \/>\nLuego se le traslad\u00f3 de inmediato a la cl\u00ednica Santa Cruz donde \u00e9l mismo entr\u00f3 caminando y se subi\u00f3 a una b\u00e1scula para calcular su peso.<br \/>\nA los 15 minutos de ocurrido el percance, en el consultorio comenz\u00f3 a perder el conocimiento al tiempo que vomitaba intensamente.<br \/>\nPersonal m\u00e9dico recomend\u00f3 su traslado urgente a la capital potosina. La presi\u00f3n arterial del paciente iba en aumento y se corr\u00eda el riesgo de sufrir un paro cardiaco, pero antes se le trat\u00f3 de estabilizar en el IMSS Oportunidades donde los esfuerzos fueron tambi\u00e9n insuficientes por motivos diversos. Luego lleg\u00f3 una ambulancia que lo llev\u00f3 a la cl\u00ednica 50 de San Luis Potos\u00ed.<br \/>\nDe entrada se le diagnostic\u00f3 traumatismo craneoencef\u00e1lico y se le someti\u00f3 a una delicada cirug\u00eda a las 20:00 PM de la fecha en menci\u00f3n la que culmin\u00f3 despu\u00e9s de la media noche.<br \/>\nSe le mantuvo en observaci\u00f3n casi por semana y media en terapia intensiva, y luego se orden\u00f3 cambiarlo a un \u00e1rea con pacientes estables.<br \/>\n\u201cComo un caso especial\u201d, catalogaron la recuperaci\u00f3n del profesionista, quien despu\u00e9s de la operaci\u00f3n padec\u00eda breves \u201clagunas mentales\u201d que fueron superadas con ayuda de los propios visitantes y familiares.<br \/>\nNo fue necesaria ninguna terapia ni dieta. Hasta este mi\u00e9rcoles 11 tampoco se hab\u00edan presentado complicaciones.<br \/>\nAunque se le nota d\u00e9bil y mucho m\u00e1s delgado, a medida que descansa, su estado f\u00edsico y mental vuelve a ser el mismo y se le orden\u00f3 cita con especialistas hasta casi 3 semanas de la fecha de su alta.<br \/>\nPor ahora, Serna Mart\u00ednez realiza caminatas breves en su domicilio, come por s\u00ed mismo lo que se le antoja (y que le es ben\u00e9fico para su salud), disfruta de sus programas de televisi\u00f3n favoritos y est\u00e1 enterado de los asuntos correspondientes de su oficina.<br \/>\nSu familia, solicit\u00f3 a Plurinominal hacer un agradecimiento p\u00fablico por las innumerables muestras de apoyo recibidas, derivadas de amplios sectores de la sociedad.<\/p>\n","protected":false},"excerpt":{"rendered":"<p>Del equipo de redacci\u00f3n Luego de estar casi un mes hospitalizado a causa de una intervenci\u00f3n quir\u00fargica que se determin\u00f3 a consecuencia de un fuerte golpe en el cr\u00e1neo, el&#8230;<\/p>\n","protected":false},"author":1,"featured_media":0,"comment_status":"closed","ping_status":"open","sticky":false,"template":"","format":"standard","meta":{"footnotes":""},"categories":[3],"tags":[],"class_list":["post-1960","post","type-post","status-publish","format-standard","hentry","category-cerritos","entry","simple"],"_links":{"self":[{"href":"https:\/\/www.plurinominal.com.mx\/index.php?rest_route=\/wp\/v2\/posts\/1960","targetHints":{"allow":["GET"]}}],"collection":[{"href":"https:\/\/www.plurinominal.com.mx\/index.php?rest_route=\/wp\/v2\/posts"}],"about":[{"href":"https:\/\/www.plurinominal.com.mx\/index.php?rest_route=\/wp\/v2\/types\/post"}],"author":[{"embeddable":true,"href":"https:\/\/www.plurinominal.com.mx\/index.php?rest_route=\/wp\/v2\/users\/1"}],"replies":[{"embeddable":true,"href":"https:\/\/www.plurinominal.com.mx\/index.php?rest_route=%2Fwp%2Fv2%2Fcomments&post=1960"}],"version-history":[{"count":0,"href":"https:\/\/www.plurinominal.com.mx\/index.php?rest_route=\/wp\/v2\/posts\/1960\/revisions"}],"wp:attachment":[{"href":"https:\/\/www.plurinominal.com.mx\/index.php?rest_route=%2Fwp%2Fv2%2Fmedia&parent=1960"}],"wp:term":[{"taxonomy":"category","embeddable":true,"href":"https:\/\/www.plurinominal.com.mx\/index.php?rest_route=%2Fwp%2Fv2%2Fcategories&post=1960"},{"taxonomy":"post_tag","embeddable":true,"href":"https:\/\/www.plurinominal.com.mx\/index.php?rest_route=%2Fwp%2Fv2%2Ftags&post=1960"}],"curies":[{"name":"wp","href":"https:\/\/api.w.org\/{rel}","templated":true}]}}