{"id":1966,"date":"2012-01-15T18:01:58","date_gmt":"2012-01-16T00:01:58","guid":{"rendered":"http:\/\/www.plurinominal.com.mx\/?p=1966"},"modified":"2012-03-03T18:02:50","modified_gmt":"2012-03-04T00:02:50","slug":"descubren-otra-fosa-con-restos-humanos","status":"publish","type":"post","link":"https:\/\/www.plurinominal.com.mx\/?p=1966","title":{"rendered":"Descubren otra fosa con restos humanos"},"content":{"rendered":"<p>Del equipo de redacci\u00f3n<br \/>\nEl hallazgo de una fosa con 6 cuerpos en la comunidad de Manzanillas, \u2014comunidad perteneciente a Cerritos\u2014, volvi\u00f3 la intranquilidad a esta zona.<br \/>\nLa noticia de tinte internacional, se comenz\u00f3 a expandir primero entre los habitantes de ese lugar que se encuentra a pocos kil\u00f3metros de la cabecera, muy cerca del rastro y mucho m\u00e1s del relleno sanitario.<br \/>\nLlam\u00f3 la atenci\u00f3n ver primero a patrullas de la polic\u00eda municipal desde la tarde del viernes 13 en una vereda cuya entrada tiene escombros de ladrillo, (antes de llegar al rastro, con direcci\u00f3n Cerritos-Manzanillas). Luego, a primera hora de este s\u00e1bado, se notaron integrantes de la milicia, personal de protecci\u00f3n civil, de seguridad estatal y a la titular de la agencia del Ministerio P\u00fablico, Lic. Adriana Moya acompa\u00f1ada de auxiliares.<br \/>\nPrimero se supo del hallazgo de tres cr\u00e1neos en terreno propiedad de un parroquiano de Manzanillas. Por las condiciones del lugar al mediod\u00eda se solicit\u00f3 maquinaria para seguir con la excavaci\u00f3n que super\u00f3 el metro y medio de profundidad.<br \/>\nLa retroexcavadora hizo su parte. Luego con palas, personal esculc\u00f3 entre la tierra buscando las piezas humanas.<br \/>\nAs\u00ed se empezaron a armar los cuerpos de 6 personas que aun no han sido identificadas.<br \/>\nPedazos de las osamentas, fueron depositados en bolsas de pl\u00e1stico, lo mismo que las prendas de vestir, \u2014generalmente pantalones de mezclilla y calcetines con los restos de pies de los infortunados\u2014.<br \/>\nPlurinominal estuvo presente en el preciso instante en que personal de conocida funeraria y peritos, levantaron las piezas. Por su parte el agente investigador hac\u00eda lo necesario dando fe de los hechos.<br \/>\nHasta la noche del s\u00e1bado, personal de criminal\u00edstica analizaba si presentaban impactos de bala.<br \/>\nDe entrada se inform\u00f3 a este medio que pod\u00edan tener m\u00e1s de 3 meses enterrados.<br \/>\nLa fosa, ya no desped\u00eda olores f\u00e9tidos a consecuencia de la descomposici\u00f3n de los cad\u00e1veres, aunque se observ\u00f3 cal en el sitio, as\u00ed como pedazos de lo que pudo ser equipo para acampar, y pl\u00e1sticos similares a componentes de radios de comunicaci\u00f3n y celulares.<br \/>\nPolic\u00edas lograron ubicar cartuchos percutidos de escopetas, pero no se puede asegurar a simple vista, que pudieran estar ligados a la escena, puesto que se localizaron en un radio aproximado de 500 metros.<br \/>\nMilitares declararon a Plurinominal que no descartaban m\u00e1s cuerpos enterrados en ese sector, por ello se orden\u00f3 una inspecci\u00f3n minuciosa en los alrededores sin resultados favorables, pero expresaron que la b\u00fasqueda seguir\u00eda.<br \/>\nSobre desapariciones en estos lugares, no se tiene registrada alguna con un n\u00famero similar de afectados, pero autoridades de Rioverde se dar\u00edan la tarea de indagar si corresponden a elementos policiacos que desde hace tiempo desaparecieron.<br \/>\nLa movilizaci\u00f3n policiaca comenz\u00f3 desde la tarde de este viernes, pero los rumores del hallazgo de restos humanos en la zona, datan desde hace meses entre la comunidad cerritense.<\/p>\n<p>ANTECEDENTES:<\/p>\n<p>La ola de inseguridad que se vive a nivel nacional y que no ha podido ser controlada por el gobierno federal, comenz\u00f3 en Cerritos, Villa Ju\u00e1rez y Guadalc\u00e1zar el jueves 17 de febrero de 2011.<br \/>\nP\u00e1nico y desconcierto se vivi\u00f3 en este lugar, incluso se cerraron instituciones p\u00fablicas y privadas porque se anunci\u00f3 un enfrentamiento armado sobre la s\u00faper carretera. El pavor, comenz\u00f3 cuando un helic\u00f3ptero sobrevol\u00f3 por Cerritos lo que llam\u00f3 la atenci\u00f3n de los vecinos.<br \/>\nPor ese \u201cchisme\u201d se orden\u00f3 el cierre de la presidencia municipal por una supuesta \u201cmasacre\u201d.<br \/>\nPoco antes del entronque con la 57, cerca del kil\u00f3metro 101+000, es decir a un costado de la s\u00faper carretera, se observaba una camioneta Ford, tipo Explorer de color azul con el motor encendido, placas VCC-9091, en cuyo interior estaba un cuerpo sin vida con signos de aparente tortura.<br \/>\nLos hechos se extendieron hasta el s\u00e1bado 9 de abril, en Villa Ju\u00e1rez, porque por vez primera se sab\u00eda en esta regi\u00f3n del hallazgo de dos personas que fueron atadas de pies y manos antes de ser decapitadas, mutiladas y enterradas en una fosa descubierta a un costado del camino Villa Ju\u00e1rez \u2013 Palo Seco.<br \/>\nEl Ministerio P\u00fablico, Carlos Gallegos Su\u00e1rez, as\u00ed como agentes de la Polic\u00eda Ministerial, ordenaron el levantamiento de las partes encontradas.<br \/>\nEntre un mont\u00f3n de basura se descubri\u00f3 la fosa con los dem\u00e1s restos humanos que fueron sacados por personal funerario cuidadosamente.<br \/>\nEn el transcurso de los d\u00edas, la ciudadan\u00eda se mostraba sorprendida tambi\u00e9n con el sobrevuelo de algunas avionetas y la intensa presencia militar por \u00e9stos lugares.<br \/>\nAun as\u00ed, el martes, 26 de abril del a\u00f1o pasado, a un costado del camino que conduce al Granjenal, \u2014casi d\u00f3nde principia el camino a San Bartolo\u2014 se encontr\u00f3 el cuerpo de un hombre que fue ejecutado.<br \/>\nTen\u00eda la cabeza ba\u00f1ada en sangre y el cuerpo colgaba hacia abajo, con el tiro de gracia en la sien. Trascendi\u00f3 que se dedicaba a pasar indocumentados hacia la uni\u00f3n americana.<br \/>\nJueves, 19 de mayo de 2011. Una fosa con restos humanos fue descubierta en un predio del Rinc\u00f3n de Turrubiartes perteneciente a Cerritos, por cuerpos de seguridad. A las 10:30 de la ma\u00f1ana, \u2014a trav\u00e9s de una llamada de persona no identificada\u2014, se daba aviso \u00fanicamente \u201cde un ejecutado\u201d a un costado del camino que conduce a la comunidad de San Crist\u00f3bal, en la Direcci\u00f3n de Seguridad P\u00fablica del Municipio.<br \/>\nSin conocer la ubicaci\u00f3n exacta, los elementos policiacos a bordo de patrullas acordaron trasladarse al lugar. All\u00ed estaban dos cuerpos, semicubiertos con tierra, magueyes y ramas\u201d.<br \/>\nDesde entonces, un hallazgo similar no se registraba, hasta el ocurrido este fin de semana. Sin embargo, la poblaci\u00f3n demuestra una actitud m\u00e1s indiferente, no se sorprende igual, en comparaci\u00f3n al 2011 cuando fue v\u00edctima del p\u00e1nico.<\/p>\n","protected":false},"excerpt":{"rendered":"<p>Del equipo de redacci\u00f3n El hallazgo de una fosa con 6 cuerpos en la comunidad de Manzanillas, \u2014comunidad perteneciente a Cerritos\u2014, volvi\u00f3 la intranquilidad a esta zona. La noticia de&#8230;<\/p>\n","protected":false},"author":1,"featured_media":0,"comment_status":"closed","ping_status":"open","sticky":false,"template":"","format":"standard","meta":{"footnotes":""},"categories":[3],"tags":[],"class_list":["post-1966","post","type-post","status-publish","format-standard","hentry","category-cerritos","entry","simple"],"_links":{"self":[{"href":"https:\/\/www.plurinominal.com.mx\/index.php?rest_route=\/wp\/v2\/posts\/1966","targetHints":{"allow":["GET"]}}],"collection":[{"href":"https:\/\/www.plurinominal.com.mx\/index.php?rest_route=\/wp\/v2\/posts"}],"about":[{"href":"https:\/\/www.plurinominal.com.mx\/index.php?rest_route=\/wp\/v2\/types\/post"}],"author":[{"embeddable":true,"href":"https:\/\/www.plurinominal.com.mx\/index.php?rest_route=\/wp\/v2\/users\/1"}],"replies":[{"embeddable":true,"href":"https:\/\/www.plurinominal.com.mx\/index.php?rest_route=%2Fwp%2Fv2%2Fcomments&post=1966"}],"version-history":[{"count":0,"href":"https:\/\/www.plurinominal.com.mx\/index.php?rest_route=\/wp\/v2\/posts\/1966\/revisions"}],"wp:attachment":[{"href":"https:\/\/www.plurinominal.com.mx\/index.php?rest_route=%2Fwp%2Fv2%2Fmedia&parent=1966"}],"wp:term":[{"taxonomy":"category","embeddable":true,"href":"https:\/\/www.plurinominal.com.mx\/index.php?rest_route=%2Fwp%2Fv2%2Fcategories&post=1966"},{"taxonomy":"post_tag","embeddable":true,"href":"https:\/\/www.plurinominal.com.mx\/index.php?rest_route=%2Fwp%2Fv2%2Ftags&post=1966"}],"curies":[{"name":"wp","href":"https:\/\/api.w.org\/{rel}","templated":true}]}}