{"id":1968,"date":"2012-01-14T18:03:18","date_gmt":"2012-01-15T00:03:18","guid":{"rendered":"http:\/\/www.plurinominal.com.mx\/?p=1968"},"modified":"2012-03-03T18:03:35","modified_gmt":"2012-03-04T00:03:35","slug":"entregaron-en-cerritos-60-paquetes-de-laminas-2","status":"publish","type":"post","link":"https:\/\/www.plurinominal.com.mx\/?p=1968","title":{"rendered":"Entregaron en Cerritos 60 paquetes de l\u00e1minas"},"content":{"rendered":"<p>Gobierno invirti\u00f3 325 mil pesos en favor de los m\u00e1s necesitados<\/p>\n<p>Corresponsales, A. Ch.<br \/>\n60 paquetes de l\u00e1minas, fueron entregados para la construcci\u00f3n y rehabilitaci\u00f3n de viviendas de esta cabecera municipal el pasado jueves 12 de enero.<br \/>\nInform\u00f3 el departamento de Comunicaci\u00f3n Social a cargo de Alberto Chiquito P\u00e9rez, que cada paquete consta de 5 l\u00e1minas, y se dio preferencia a familias de recursos bajos.<br \/>\nFue de $325,772 (TRESCIENTOS VEINTICINCO MIL SETECIENTOS SETENTA Y DOS PESOS 00\/100 M.N.) la inversi\u00f3n hecha por la administraci\u00f3n municipal que dirige el Ciudadano Erasmo Galv\u00e1n Nieto, los que se utilizaron del Ramo 33.<br \/>\nCon esta acci\u00f3n, se beneficiaron 60 familias directamente, y la entrega corri\u00f3 a cargo del edil municipal Erasmo Galv\u00e1n Nieto.<br \/>\nEl Presidente de Cerritos, dirigi\u00f3 unas palabras de apoyo a quienes m\u00e1s lo requieren, y se hizo acompa\u00f1ar de Sonia Ni\u00f1o, quien dirige la Coordinaci\u00f3n de Desarrollo Social, as\u00ed como del Arquitecto Pedro B\u00e1ez, Supervisor de Obras del ayuntamiento y Luz Arg\u00fcello, quien coordina el programa.<br \/>\nPor su parte, los beneficiados agradecieron el apoyo recibido y se mostraron contentos al recibir los paquetes.<\/p>\n","protected":false},"excerpt":{"rendered":"<p>Gobierno invirti\u00f3 325 mil pesos en favor de los m\u00e1s necesitados Corresponsales, A. Ch. 60 paquetes de l\u00e1minas, fueron entregados para la construcci\u00f3n y rehabilitaci\u00f3n de viviendas de esta cabecera&#8230;<\/p>\n","protected":false},"author":1,"featured_media":0,"comment_status":"closed","ping_status":"open","sticky":false,"template":"","format":"standard","meta":{"footnotes":""},"categories":[3],"tags":[],"class_list":["post-1968","post","type-post","status-publish","format-standard","hentry","category-cerritos","entry","simple"],"_links":{"self":[{"href":"https:\/\/www.plurinominal.com.mx\/index.php?rest_route=\/wp\/v2\/posts\/1968","targetHints":{"allow":["GET"]}}],"collection":[{"href":"https:\/\/www.plurinominal.com.mx\/index.php?rest_route=\/wp\/v2\/posts"}],"about":[{"href":"https:\/\/www.plurinominal.com.mx\/index.php?rest_route=\/wp\/v2\/types\/post"}],"author":[{"embeddable":true,"href":"https:\/\/www.plurinominal.com.mx\/index.php?rest_route=\/wp\/v2\/users\/1"}],"replies":[{"embeddable":true,"href":"https:\/\/www.plurinominal.com.mx\/index.php?rest_route=%2Fwp%2Fv2%2Fcomments&post=1968"}],"version-history":[{"count":0,"href":"https:\/\/www.plurinominal.com.mx\/index.php?rest_route=\/wp\/v2\/posts\/1968\/revisions"}],"wp:attachment":[{"href":"https:\/\/www.plurinominal.com.mx\/index.php?rest_route=%2Fwp%2Fv2%2Fmedia&parent=1968"}],"wp:term":[{"taxonomy":"category","embeddable":true,"href":"https:\/\/www.plurinominal.com.mx\/index.php?rest_route=%2Fwp%2Fv2%2Fcategories&post=1968"},{"taxonomy":"post_tag","embeddable":true,"href":"https:\/\/www.plurinominal.com.mx\/index.php?rest_route=%2Fwp%2Fv2%2Ftags&post=1968"}],"curies":[{"name":"wp","href":"https:\/\/api.w.org\/{rel}","templated":true}]}}