{"id":1978,"date":"2012-01-16T18:07:01","date_gmt":"2012-01-17T00:07:01","guid":{"rendered":"http:\/\/www.plurinominal.com.mx\/?p=1978"},"modified":"2012-03-03T18:07:23","modified_gmt":"2012-03-04T00:07:23","slug":"inicio-el-proceso-electoral-en-la-zona-media","status":"publish","type":"post","link":"https:\/\/www.plurinominal.com.mx\/?p=1978","title":{"rendered":"Inici\u00f3 el proceso electoral en la Zona Media"},"content":{"rendered":"<p>Tomaron protesta Comisiones Distritales y Comit\u00e9s Municipales Electorales  <\/p>\n<p>Ma. del Carmen V.<br \/>\nEl viernes 13 de enero, en evento realizado en el hotel \u00abMar\u00eda Dolores\u00bb de la ciudad de Rioverde, se tom\u00f3 protesta a las Comisiones Distritales y a los 11 Comit\u00e9s Municipales Electorales.<br \/>\nEl evento fue presidido por el Presidente del Consejo Estatal Electoral y de Participaci\u00f3n Ciudadana, Mart\u00edn V\u00e1zquez e inici\u00f3 a las dos de la tarde y no tard\u00f3 m\u00e1s de 45 minutos.<br \/>\nEstuvieron presentes los Consejeros Ciudadanos, Pedro Morales Sifuentes, Jos\u00e9 Antonio Zapata Romo y Pascual Francisco Javier de la Cerda Bocardo.<br \/>\nEl Presidente del Consejo Estatal Electoral y de Participaci\u00f3n Ciudadana manifest\u00f3, que el proceso electoral del primero de julio se llevar\u00e1 a cabo dentro de un clima de tranquilidad.<br \/>\nAdem\u00e1s coment\u00f3, que los presidentes de los Comit\u00e9s Municipales y de la Comisiones Distritales, fueron electos en base a las propuestas que realizaron los consejeros.<br \/>\nAgreg\u00f3, que recibir\u00e1n un pago \u201ccomo dieta\u201d, lo que es variable, al mismo tiempo hizo su llamado a la poblaci\u00f3n para que participe en la jornada electoral y los conmin\u00f3 a que salgan a votar, pues afirm\u00f3 \u00abel sufragio es un poder que tiene cada ciudadano y lo debe de ejercer.<br \/>\nCon la toma de protesta de las Comisiones Distritales y Comit\u00e9s Municipales Electorales, pr\u00e1cticamente inicia el proceso electoral en la Zona Media, pues los integrantes de estas ser\u00e1n los \u00e1rbitros de la contienda electoral.<br \/>\nEl Presidente del organismo se comprometi\u00f3 a brindar todo su apoyo a las Comisiones y Comit\u00e9s Municipales para que salga adelante el proceso.<br \/>\nPor parte de Cerritos asistieron todos los integrantes de la Comisi\u00f3n Distrital y del Comit\u00e9 Municipal Electoral, donde se not\u00f3 la presencia de nuevos consejeros como el Profesor V\u00edctor Gregorio Alvarado y el Profesor Alfredo Meza Cuevas, entre otros.<\/p>\n","protected":false},"excerpt":{"rendered":"<p>Tomaron protesta Comisiones Distritales y Comit\u00e9s Municipales Electorales Ma. del Carmen V. El viernes 13 de enero, en evento realizado en el hotel \u00abMar\u00eda Dolores\u00bb de la ciudad de Rioverde,&#8230;<\/p>\n","protected":false},"author":1,"featured_media":0,"comment_status":"closed","ping_status":"open","sticky":false,"template":"","format":"standard","meta":{"footnotes":""},"categories":[3,4],"tags":[],"class_list":["post-1978","post","type-post","status-publish","format-standard","hentry","category-cerritos","category-villa-juarez","entry","simple"],"_links":{"self":[{"href":"https:\/\/www.plurinominal.com.mx\/index.php?rest_route=\/wp\/v2\/posts\/1978","targetHints":{"allow":["GET"]}}],"collection":[{"href":"https:\/\/www.plurinominal.com.mx\/index.php?rest_route=\/wp\/v2\/posts"}],"about":[{"href":"https:\/\/www.plurinominal.com.mx\/index.php?rest_route=\/wp\/v2\/types\/post"}],"author":[{"embeddable":true,"href":"https:\/\/www.plurinominal.com.mx\/index.php?rest_route=\/wp\/v2\/users\/1"}],"replies":[{"embeddable":true,"href":"https:\/\/www.plurinominal.com.mx\/index.php?rest_route=%2Fwp%2Fv2%2Fcomments&post=1978"}],"version-history":[{"count":0,"href":"https:\/\/www.plurinominal.com.mx\/index.php?rest_route=\/wp\/v2\/posts\/1978\/revisions"}],"wp:attachment":[{"href":"https:\/\/www.plurinominal.com.mx\/index.php?rest_route=%2Fwp%2Fv2%2Fmedia&parent=1978"}],"wp:term":[{"taxonomy":"category","embeddable":true,"href":"https:\/\/www.plurinominal.com.mx\/index.php?rest_route=%2Fwp%2Fv2%2Fcategories&post=1978"},{"taxonomy":"post_tag","embeddable":true,"href":"https:\/\/www.plurinominal.com.mx\/index.php?rest_route=%2Fwp%2Fv2%2Ftags&post=1978"}],"curies":[{"name":"wp","href":"https:\/\/api.w.org\/{rel}","templated":true}]}}