{"id":19786,"date":"2024-04-18T20:52:52","date_gmt":"2024-04-19T01:52:52","guid":{"rendered":"https:\/\/www.plurinominal.com.mx\/?p=19786"},"modified":"2024-04-22T20:54:34","modified_gmt":"2024-04-23T01:54:34","slug":"alerta-en-la-escuela-del-ejido-20-de-noviembre","status":"publish","type":"post","link":"https:\/\/www.plurinominal.com.mx\/?p=19786","title":{"rendered":"Alerta en la Escuela del Ejido 20 de Noviembre"},"content":{"rendered":"<ul>\n<li class=\"western\" style=\"text-align: justify;\">Denuncian maltrato a estudiantes, los castigan bajo el sol<\/li>\n<\/ul>\n<p class=\"western\" style=\"text-align: justify;\"><span style=\"font-size: 10pt; font-family: 'trebuchet ms', geneva, sans-serif;\"><strong>MARCO SERNA.- <\/strong><\/span>Al mediod\u00eda del martes 16 de abril, la cuenta Zavala Wuerita denunci\u00f3 un incidente ocurrido en la escuela Ismael Salas del Ejido 20 de Noviembre, en Villa Hidalgo. Seg\u00fan el testimonio, el maestro de cuarto grado dej\u00f3 a los ni\u00f1os fuera bajo el sol y les neg\u00f3 la entrada al sal\u00f3n, lo que gener\u00f3 preocupaci\u00f3n por la exposici\u00f3n prolongada al calor y el riesgo de accidentes.<\/p>\n<p class=\"western\" style=\"text-align: justify;\">Sofi V\u00e1zquez expres\u00f3 su inquietud por el trato recibido de una ni\u00f1a en la escuela, mencionando incidentes previos de negaci\u00f3n de acceso al ba\u00f1o y maltrato f\u00edsico y psicol\u00f3gico. Demand\u00f3 una intervenci\u00f3n de las autoridades educativas y atenci\u00f3n psicol\u00f3gica para la menor.<\/p>\n<p class=\"western\" style=\"text-align: justify;\">Ora persona, \u201cPolla Mata\u201d, cuestion\u00f3 el comportamiento del maestro y expres\u00f3 su consternaci\u00f3n por el presunto maltrato a los ni\u00f1os, resaltando la necesidad de erradicar este tipo de conductas.<\/p>\n<p class=\"western\" style=\"text-align: justify;\">Posteriormente, Sofi V\u00e1zquez inform\u00f3 que las autoridades educativas municipales estaban abordando el problema, agradeciendo su pronta respuesta y atenci\u00f3n al asunto.<\/p>\n<p class=\"western\" style=\"text-align: justify;\">Es fundamental que las autoridades educativas tomen medidas inmediatas para garantizar la seguridad y el bienestar de los estudiantes, as\u00ed como investigar y abordar adecuadamente cualquier denuncia de maltrato o negligencia por parte del personal docente.<\/p>\n","protected":false},"excerpt":{"rendered":"<p>Al mediod\u00eda del martes 16 de abril, la cuenta Zavala Wuerita denunci\u00f3 un incidente ocurrido en la escuela Ismael Salas del Ejido 20 de Noviembre, en Villa Hidalgo. Seg\u00fan el testimonio, el maestro de cuarto grado dej\u00f3 a los ni\u00f1os fuera bajo el sol y les neg\u00f3 la entrada al sal\u00f3n, lo que gener\u00f3 preocupaci\u00f3n por la exposici\u00f3n prolongada al calor y el riesgo de accidentes.<\/p>\n","protected":false},"author":5,"featured_media":19787,"comment_status":"closed","ping_status":"open","sticky":false,"template":"","format":"standard","meta":{"footnotes":""},"categories":[486,485,482],"tags":[],"class_list":["post-19786","post","type-post","status-publish","format-standard","has-post-thumbnail","hentry","category-educacion","category-sociales","category-villa-hidalgo","entry","simple"],"_links":{"self":[{"href":"https:\/\/www.plurinominal.com.mx\/index.php?rest_route=\/wp\/v2\/posts\/19786","targetHints":{"allow":["GET"]}}],"collection":[{"href":"https:\/\/www.plurinominal.com.mx\/index.php?rest_route=\/wp\/v2\/posts"}],"about":[{"href":"https:\/\/www.plurinominal.com.mx\/index.php?rest_route=\/wp\/v2\/types\/post"}],"author":[{"embeddable":true,"href":"https:\/\/www.plurinominal.com.mx\/index.php?rest_route=\/wp\/v2\/users\/5"}],"replies":[{"embeddable":true,"href":"https:\/\/www.plurinominal.com.mx\/index.php?rest_route=%2Fwp%2Fv2%2Fcomments&post=19786"}],"version-history":[{"count":1,"href":"https:\/\/www.plurinominal.com.mx\/index.php?rest_route=\/wp\/v2\/posts\/19786\/revisions"}],"predecessor-version":[{"id":19788,"href":"https:\/\/www.plurinominal.com.mx\/index.php?rest_route=\/wp\/v2\/posts\/19786\/revisions\/19788"}],"wp:featuredmedia":[{"embeddable":true,"href":"https:\/\/www.plurinominal.com.mx\/index.php?rest_route=\/wp\/v2\/media\/19787"}],"wp:attachment":[{"href":"https:\/\/www.plurinominal.com.mx\/index.php?rest_route=%2Fwp%2Fv2%2Fmedia&parent=19786"}],"wp:term":[{"taxonomy":"category","embeddable":true,"href":"https:\/\/www.plurinominal.com.mx\/index.php?rest_route=%2Fwp%2Fv2%2Fcategories&post=19786"},{"taxonomy":"post_tag","embeddable":true,"href":"https:\/\/www.plurinominal.com.mx\/index.php?rest_route=%2Fwp%2Fv2%2Ftags&post=19786"}],"curies":[{"name":"wp","href":"https:\/\/api.w.org\/{rel}","templated":true}]}}