{"id":1984,"date":"2012-01-16T18:08:57","date_gmt":"2012-01-17T00:08:57","guid":{"rendered":"http:\/\/www.plurinominal.com.mx\/?p=1984"},"modified":"2012-03-03T18:09:29","modified_gmt":"2012-03-04T00:09:29","slug":"volco-camioneta-sobre-el-camino-al-sauz","status":"publish","type":"post","link":"https:\/\/www.plurinominal.com.mx\/?p=1984","title":{"rendered":"Volc\u00f3 camioneta sobre el camino al Sa\u00faz"},"content":{"rendered":"<p>No hubo lesionados <\/p>\n<p>Ma. del Carmen V.<br \/>\nOcurri\u00f3 una volcadura sobre el camino que conduce a la comunidad de El Sauz, el pasado viernes 13 de enero sin que se reportaran personas lesionadas.<br \/>\nLos hechos ocurrieron alrededor de las 8:45 de la ma\u00f1ana.<br \/>\nEl veh\u00edculo que protagoniz\u00f3 el percance, fue una camioneta negra cabina y media, de color negro que viajaba de la comunidad de la Biznaga  hacia esta cabecera municipal.<br \/>\nAl pasar frente al rancho \u00abEl Mirasol\u00bb, \u2014precisamente donde se ubica la curva de ese lugar\u2014, el conductor perdi\u00f3 el control del volante y se desplaz\u00f3 de manera err\u00f3nea hacia su derecha.<br \/>\nEl veh\u00edculo se sali\u00f3 del camino y transit\u00f3 entre arbustos y maleza donde al final volc\u00f3.<br \/>\nA simple vista la camioneta resinti\u00f3 solamente da\u00f1os en el capacete y parabrisas.<br \/>\nDespu\u00e9s de dar una voltereta qued\u00f3 a unos 10 metros fuera de la cinta asf\u00e1ltica, sobre sus cuatro neum\u00e1ticos.<br \/>\nPlurinominal desconoce cu\u00e1l fue la raz\u00f3n por la que el conductor perdi\u00f3 el control del veh\u00edculo.<br \/>\nAutomovilistas se detuvieron para tratar de brindar ayuda al chofer y a su acompa\u00f1ante, pero \u00e9stos refirieron no tener lesi\u00f3n alguna y por sus propios medios trataron de continuar su camino.<br \/>\nCabe destacar que en el momento de la volcadura se presentaba una diminuta lluvia que manten\u00eda mojado el camino.<br \/>\nNinguna de las corporaciones polic\u00edacas tom\u00f3 conocimiento, por ello no se pudieron obtener m\u00e1s datos al respecto.<br \/>\nEn ese lugar se han registrado m\u00e1s situaciones similares.<br \/>\nEn su mayor\u00eda han sido tambi\u00e9n volcaduras.<br \/>\nAll\u00ed los veh\u00edculos se han proyectado contra la barda del rancho \u00abEl Mirasol\u00bb.<br \/>\nEsto dio pie a que se colocaran topes, pero al parecer los conductores hacen caso omiso de esa medida preventiva y contin\u00faan imprimiendo velocidad y generando accidentes.<\/p>\n","protected":false},"excerpt":{"rendered":"<p>No hubo lesionados Ma. del Carmen V. Ocurri\u00f3 una volcadura sobre el camino que conduce a la comunidad de El Sauz, el pasado viernes 13 de enero sin que se&#8230;<\/p>\n","protected":false},"author":1,"featured_media":0,"comment_status":"closed","ping_status":"open","sticky":false,"template":"","format":"standard","meta":{"footnotes":""},"categories":[3],"tags":[],"class_list":["post-1984","post","type-post","status-publish","format-standard","hentry","category-cerritos","entry","simple"],"_links":{"self":[{"href":"https:\/\/www.plurinominal.com.mx\/index.php?rest_route=\/wp\/v2\/posts\/1984","targetHints":{"allow":["GET"]}}],"collection":[{"href":"https:\/\/www.plurinominal.com.mx\/index.php?rest_route=\/wp\/v2\/posts"}],"about":[{"href":"https:\/\/www.plurinominal.com.mx\/index.php?rest_route=\/wp\/v2\/types\/post"}],"author":[{"embeddable":true,"href":"https:\/\/www.plurinominal.com.mx\/index.php?rest_route=\/wp\/v2\/users\/1"}],"replies":[{"embeddable":true,"href":"https:\/\/www.plurinominal.com.mx\/index.php?rest_route=%2Fwp%2Fv2%2Fcomments&post=1984"}],"version-history":[{"count":0,"href":"https:\/\/www.plurinominal.com.mx\/index.php?rest_route=\/wp\/v2\/posts\/1984\/revisions"}],"wp:attachment":[{"href":"https:\/\/www.plurinominal.com.mx\/index.php?rest_route=%2Fwp%2Fv2%2Fmedia&parent=1984"}],"wp:term":[{"taxonomy":"category","embeddable":true,"href":"https:\/\/www.plurinominal.com.mx\/index.php?rest_route=%2Fwp%2Fv2%2Fcategories&post=1984"},{"taxonomy":"post_tag","embeddable":true,"href":"https:\/\/www.plurinominal.com.mx\/index.php?rest_route=%2Fwp%2Fv2%2Ftags&post=1984"}],"curies":[{"name":"wp","href":"https:\/\/api.w.org\/{rel}","templated":true}]}}