{"id":19874,"date":"2024-04-25T21:25:11","date_gmt":"2024-04-26T02:25:11","guid":{"rendered":"https:\/\/www.plurinominal.com.mx\/?p=19874"},"modified":"2024-04-29T21:26:12","modified_gmt":"2024-04-30T02:26:12","slug":"palabra-viva-transmite-mensajes-de-fe","status":"publish","type":"post","link":"https:\/\/www.plurinominal.com.mx\/?p=19874","title":{"rendered":"\u201cPalabra Viva\u00bb transmite mensajes de fe"},"content":{"rendered":"<ul>\n<li class=\"western\" style=\"text-align: justify;\">La cita es cada martes a las 7:00 pm<\/li>\n<\/ul>\n<p class=\"western\" style=\"text-align: justify;\"><span style=\"font-size: 10pt; font-family: 'trebuchet ms', geneva, sans-serif;\"><strong>MARCO SERNA.-<\/strong><\/span> Nuevo programa se ha convertido en un espacio esencial para la comunidad cristiana de Cerritos.<\/p>\n<p class=\"western\" style=\"text-align: justify;\">Transmitido por ARCOM Televisi\u00f3n cada martes a las 7:00 pm, desde la p\u00e1gina \u00abPalabra Viva\u00bb, ofrece 50 minutos dedicados a la predicaci\u00f3n y reflexi\u00f3n espiritual.<\/p>\n<p class=\"western\" style=\"text-align: justify;\">Bajo la producci\u00f3n de Antonio Reyes, el programa invita a pastores y l\u00edderes religiosos, aunque la empresa tambi\u00e9n est\u00e1 abierta a la participaci\u00f3n de otros ciudadanos comprometidos con la fe.<\/p>\n<p class=\"western\" style=\"text-align: justify;\">Francisco Monta\u00f1o Velio, reconocido por su liderazgo y actitud positiva, ha sido una figura clave en la organizaci\u00f3n y \u00e9xito del programa.<\/p>\n<p class=\"western\" style=\"text-align: justify;\">\u00abPalabra Viva\u00bb no solo proporciona un foro para compartir mensajes de esperanza y fe, sino que tambi\u00e9n refleja la unidad y el esfuerzo colectivo de la congregaci\u00f3n para superar desaf\u00edos y fomentar el crecimiento espiritual.<\/p>\n","protected":false},"excerpt":{"rendered":"<p>Nuevo programa se ha convertido en un espacio esencial para la comunidad cristiana de Cerritos.<\/p>\n","protected":false},"author":5,"featured_media":19875,"comment_status":"closed","ping_status":"open","sticky":false,"template":"","format":"standard","meta":{"footnotes":""},"categories":[3,483,486,485,4],"tags":[],"class_list":["post-19874","post","type-post","status-publish","format-standard","has-post-thumbnail","hentry","category-cerritos","category-cultura","category-educacion","category-sociales","category-villa-juarez","entry","simple"],"_links":{"self":[{"href":"https:\/\/www.plurinominal.com.mx\/index.php?rest_route=\/wp\/v2\/posts\/19874","targetHints":{"allow":["GET"]}}],"collection":[{"href":"https:\/\/www.plurinominal.com.mx\/index.php?rest_route=\/wp\/v2\/posts"}],"about":[{"href":"https:\/\/www.plurinominal.com.mx\/index.php?rest_route=\/wp\/v2\/types\/post"}],"author":[{"embeddable":true,"href":"https:\/\/www.plurinominal.com.mx\/index.php?rest_route=\/wp\/v2\/users\/5"}],"replies":[{"embeddable":true,"href":"https:\/\/www.plurinominal.com.mx\/index.php?rest_route=%2Fwp%2Fv2%2Fcomments&post=19874"}],"version-history":[{"count":1,"href":"https:\/\/www.plurinominal.com.mx\/index.php?rest_route=\/wp\/v2\/posts\/19874\/revisions"}],"predecessor-version":[{"id":19876,"href":"https:\/\/www.plurinominal.com.mx\/index.php?rest_route=\/wp\/v2\/posts\/19874\/revisions\/19876"}],"wp:featuredmedia":[{"embeddable":true,"href":"https:\/\/www.plurinominal.com.mx\/index.php?rest_route=\/wp\/v2\/media\/19875"}],"wp:attachment":[{"href":"https:\/\/www.plurinominal.com.mx\/index.php?rest_route=%2Fwp%2Fv2%2Fmedia&parent=19874"}],"wp:term":[{"taxonomy":"category","embeddable":true,"href":"https:\/\/www.plurinominal.com.mx\/index.php?rest_route=%2Fwp%2Fv2%2Fcategories&post=19874"},{"taxonomy":"post_tag","embeddable":true,"href":"https:\/\/www.plurinominal.com.mx\/index.php?rest_route=%2Fwp%2Fv2%2Ftags&post=19874"}],"curies":[{"name":"wp","href":"https:\/\/api.w.org\/{rel}","templated":true}]}}